{"id":1,"date":"2024-10-17T13:30:59","date_gmt":"2024-10-17T13:30:59","guid":{"rendered":"https:\/\/buergerverein-bad-duerkheim.de\/?p=1"},"modified":"2025-06-06T21:33:23","modified_gmt":"2025-06-06T21:33:23","slug":"hello-world","status":"publish","type":"post","link":"https:\/\/buergerverein-bad-duerkheim.de\/index.php\/2024\/10\/17\/hello-world\/","title":{"rendered":"Vereinsgr\u00fcndung"},"content":{"rendered":"\n<p>Das frisch gew\u00e4hlte Team von links nach rechts:<br>Ulrike Wolfert (Schatzmeisterin); Beate M\u00fcller (Kassenpr\u00fcferin); Horst B\u00e4uml (Vorsitzender); Dr. Cornelia Stump (Beisitzerin &#8211; Schriftf\u00fchrerin); Klaus M\u00fchlbeier (stellv. Vorsitzender); Marianne Brede-Nekwapil (Kassenpr\u00fcferin)<\/p>\n\n\n\n<p>Am 17. Oktober 2024 haben wir nach monatelanger Vorbereitungszeit unseren Verein gegr\u00fcndet.<br>Die Gr\u00fcndung wurde ma\u00dfgeblich von der <strong>Stadtverwaltung<\/strong> (Frau Christine Schneider-Joseph und Frau Lena Schmidt) und die durch die Stadt beauftragte <strong>Agentur Landmobil<\/strong> vorbereitet.<br>Insgesamt 22 Personen waren bereit die Gr\u00fcndungsurkunde zu unterschreiben. Herzlichen Dank an alle unterst\u00fctzenden Personen.<br><\/p>\n\n\n\n<p>Foto: Freundlicherweise beigestellt durch die Stadtverwaltung Bad D\u00fcrkheim am 03.01.2025<\/p>\n\n\n\n<details class=\"wp-block-details is-layout-flow wp-block-details-is-layout-flow\"><summary><\/summary>\n<p><\/p>\n<\/details>\n\n\n\n<p><\/p>\n","protected":false},"excerpt":{"rendered":"<p>Das frisch gew\u00e4hlte Team von links nach rechts:Ulrike Wolfert (Schatzmeisterin); Beate M\u00fcller (Kassenpr\u00fcferin); Horst B\u00e4uml (Vorsitzender); Dr. Cornelia Stump (Beisitzerin &#8211; Schriftf\u00fchrerin); Klaus M\u00fchlbeier (stellv. Vorsitzender); Marianne Brede-Nekwapil (Kassenpr\u00fcferin) Am [&hellip;]<\/p>\n","protected":false},"author":-1,"featured_media":63,"comment_status":"closed","ping_status":"closed","sticky":false,"template":"","format":"standard","meta":{"footnotes":""},"categories":[7],"tags":[],"class_list":["post-1","post","type-post","status-publish","format-standard","has-post-thumbnail","hentry","category-verein"],"yoast_head":"<!-- This site is optimized with the Yoast SEO plugin v24.2 - https:\/\/yoast.com\/wordpress\/plugins\/seo\/ -->\n<title>Vereinsgr\u00fcndung - B\u00fcrgerverein Bad D\u00fcrkheim e.V.<\/title>\n<meta name=\"robots\" content=\"index, follow, max-snippet:-1, max-image-preview:large, max-video-preview:-1\" \/>\n<link rel=\"canonical\" href=\"https:\/\/buergerverein-bad-duerkheim.de\/index.php\/2024\/10\/17\/hello-world\/\" \/>\n<meta property=\"og:locale\" content=\"de_DE\" \/>\n<meta property=\"og:type\" content=\"article\" \/>\n<meta property=\"og:title\" content=\"Vereinsgr\u00fcndung - B\u00fcrgerverein Bad D\u00fcrkheim e.V.\" \/>\n<meta property=\"og:description\" content=\"Das frisch gew\u00e4hlte Team von links nach rechts:Ulrike Wolfert (Schatzmeisterin); Beate M\u00fcller (Kassenpr\u00fcferin); Horst B\u00e4uml (Vorsitzender); Dr. Cornelia Stump (Beisitzerin &#8211; Schriftf\u00fchrerin); Klaus M\u00fchlbeier (stellv. Vorsitzender); Marianne Brede-Nekwapil (Kassenpr\u00fcferin) Am [&hellip;]\" \/>\n<meta property=\"og:url\" content=\"https:\/\/buergerverein-bad-duerkheim.de\/index.php\/2024\/10\/17\/hello-world\/\" \/>\n<meta property=\"og:site_name\" content=\"B\u00fcrgerverein Bad D\u00fcrkheim e.V.\" \/>\n<meta property=\"article:published_time\" content=\"2024-10-17T13:30:59+00:00\" \/>\n<meta property=\"article:modified_time\" content=\"2025-06-06T21:33:23+00:00\" \/>\n<meta property=\"og:image\" content=\"https:\/\/buergerverein-bad-duerkheim.de\/wp-content\/uploads\/2025\/01\/Gruemdungsversammlung-2_klein.jpg\" \/>\n\t<meta property=\"og:image:width\" content=\"1008\" \/>\n\t<meta property=\"og:image:height\" content=\"756\" \/>\n\t<meta property=\"og:image:type\" content=\"image\/jpeg\" \/>\n<meta name=\"author\" content=\"admin\" \/>\n<meta name=\"twitter:card\" content=\"summary_large_image\" \/>\n<meta name=\"twitter:label1\" content=\"Verfasst von\" \/>\n\t<meta name=\"twitter:data1\" content=\"admin\" \/>\n\t<meta name=\"twitter:label2\" content=\"Gesch\u00e4tzte Lesezeit\" \/>\n\t<meta name=\"twitter:data2\" content=\"1\u00a0Minute\" \/>\n<script type=\"application\/ld+json\" class=\"yoast-schema-graph\">{\"@context\":\"https:\/\/schema.org\",\"@graph\":[{\"@type\":\"WebPage\",\"@id\":\"https:\/\/buergerverein-bad-duerkheim.de\/index.php\/2024\/10\/17\/hello-world\/\",\"url\":\"https:\/\/buergerverein-bad-duerkheim.de\/index.php\/2024\/10\/17\/hello-world\/\",\"name\":\"Vereinsgr\u00fcndung - B\u00fcrgerverein Bad D\u00fcrkheim e.V.\",\"isPartOf\":{\"@id\":\"https:\/\/buergerverein-bad-duerkheim.de\/#website\"},\"primaryImageOfPage\":{\"@id\":\"https:\/\/buergerverein-bad-duerkheim.de\/index.php\/2024\/10\/17\/hello-world\/#primaryimage\"},\"image\":{\"@id\":\"https:\/\/buergerverein-bad-duerkheim.de\/index.php\/2024\/10\/17\/hello-world\/#primaryimage\"},\"thumbnailUrl\":\"https:\/\/buergerverein-bad-duerkheim.de\/wp-content\/uploads\/2025\/01\/Gruemdungsversammlung-2_klein.jpg\",\"datePublished\":\"2024-10-17T13:30:59+00:00\",\"dateModified\":\"2025-06-06T21:33:23+00:00\",\"author\":{\"@id\":\"https:\/\/buergerverein-bad-duerkheim.de\/#\/schema\/person\/f3aedb0cbd1fe3c92f543db939b9aa02\"},\"breadcrumb\":{\"@id\":\"https:\/\/buergerverein-bad-duerkheim.de\/index.php\/2024\/10\/17\/hello-world\/#breadcrumb\"},\"inLanguage\":\"de\",\"potentialAction\":[{\"@type\":\"ReadAction\",\"target\":[\"https:\/\/buergerverein-bad-duerkheim.de\/index.php\/2024\/10\/17\/hello-world\/\"]}]},{\"@type\":\"ImageObject\",\"inLanguage\":\"de\",\"@id\":\"https:\/\/buergerverein-bad-duerkheim.de\/index.php\/2024\/10\/17\/hello-world\/#primaryimage\",\"url\":\"https:\/\/buergerverein-bad-duerkheim.de\/wp-content\/uploads\/2025\/01\/Gruemdungsversammlung-2_klein.jpg\",\"contentUrl\":\"https:\/\/buergerverein-bad-duerkheim.de\/wp-content\/uploads\/2025\/01\/Gruemdungsversammlung-2_klein.jpg\",\"width\":1008,\"height\":756,\"caption\":\"Foto Vereinsgr\u00fcndung\"},{\"@type\":\"BreadcrumbList\",\"@id\":\"https:\/\/buergerverein-bad-duerkheim.de\/index.php\/2024\/10\/17\/hello-world\/#breadcrumb\",\"itemListElement\":[{\"@type\":\"ListItem\",\"position\":1,\"name\":\"Startseite\",\"item\":\"https:\/\/buergerverein-bad-duerkheim.de\/\"},{\"@type\":\"ListItem\",\"position\":2,\"name\":\"Vereinsgr\u00fcndung\"}]},{\"@type\":\"WebSite\",\"@id\":\"https:\/\/buergerverein-bad-duerkheim.de\/#website\",\"url\":\"https:\/\/buergerverein-bad-duerkheim.de\/\",\"name\":\"B\u00fcrgerverein Bad D\u00fcrkheim e.V.\",\"description\":\"B\u00fcrger helfen B\u00fcrgern\",\"potentialAction\":[{\"@type\":\"SearchAction\",\"target\":{\"@type\":\"EntryPoint\",\"urlTemplate\":\"https:\/\/buergerverein-bad-duerkheim.de\/?s={search_term_string}\"},\"query-input\":{\"@type\":\"PropertyValueSpecification\",\"valueRequired\":true,\"valueName\":\"search_term_string\"}}],\"inLanguage\":\"de\"},{\"@type\":\"Person\",\"@id\":\"https:\/\/buergerverein-bad-duerkheim.de\/#\/schema\/person\/f3aedb0cbd1fe3c92f543db939b9aa02\",\"name\":\"admin\",\"image\":{\"@type\":\"ImageObject\",\"inLanguage\":\"de\",\"@id\":\"https:\/\/buergerverein-bad-duerkheim.de\/#\/schema\/person\/image\/\",\"url\":\"https:\/\/secure.gravatar.com\/avatar\/6254b733fa833d541978274823f552e31ba1ddf15db0ae5cb28bdd5187e6f790?s=96&d=mm&r=g\",\"contentUrl\":\"https:\/\/secure.gravatar.com\/avatar\/6254b733fa833d541978274823f552e31ba1ddf15db0ae5cb28bdd5187e6f790?s=96&d=mm&r=g\",\"caption\":\"admin\"},\"sameAs\":[\"https:\/\/buergerverein-bad-duerkheim.de\"],\"url\":\"https:\/\/buergerverein-bad-duerkheim.de\/index.php\/author\/webmaster_modulbuero\/\"}]}<\/script>\n<!-- \/ Yoast SEO plugin. -->","yoast_head_json":{"title":"Vereinsgr\u00fcndung - B\u00fcrgerverein Bad D\u00fcrkheim e.V.","robots":{"index":"index","follow":"follow","max-snippet":"max-snippet:-1","max-image-preview":"max-image-preview:large","max-video-preview":"max-video-preview:-1"},"canonical":"https:\/\/buergerverein-bad-duerkheim.de\/index.php\/2024\/10\/17\/hello-world\/","og_locale":"de_DE","og_type":"article","og_title":"Vereinsgr\u00fcndung - B\u00fcrgerverein Bad D\u00fcrkheim e.V.","og_description":"Das frisch gew\u00e4hlte Team von links nach rechts:Ulrike Wolfert (Schatzmeisterin); Beate M\u00fcller (Kassenpr\u00fcferin); Horst B\u00e4uml (Vorsitzender); Dr. Cornelia Stump (Beisitzerin &#8211; Schriftf\u00fchrerin); Klaus M\u00fchlbeier (stellv. Vorsitzender); Marianne Brede-Nekwapil (Kassenpr\u00fcferin) Am [&hellip;]","og_url":"https:\/\/buergerverein-bad-duerkheim.de\/index.php\/2024\/10\/17\/hello-world\/","og_site_name":"B\u00fcrgerverein Bad D\u00fcrkheim e.V.","article_published_time":"2024-10-17T13:30:59+00:00","article_modified_time":"2025-06-06T21:33:23+00:00","og_image":[{"width":1008,"height":756,"url":"https:\/\/buergerverein-bad-duerkheim.de\/wp-content\/uploads\/2025\/01\/Gruemdungsversammlung-2_klein.jpg","type":"image\/jpeg"}],"author":"admin","twitter_card":"summary_large_image","twitter_misc":{"Verfasst von":"admin","Gesch\u00e4tzte Lesezeit":"1\u00a0Minute"},"schema":{"@context":"https:\/\/schema.org","@graph":[{"@type":"WebPage","@id":"https:\/\/buergerverein-bad-duerkheim.de\/index.php\/2024\/10\/17\/hello-world\/","url":"https:\/\/buergerverein-bad-duerkheim.de\/index.php\/2024\/10\/17\/hello-world\/","name":"Vereinsgr\u00fcndung - B\u00fcrgerverein Bad D\u00fcrkheim e.V.","isPartOf":{"@id":"https:\/\/buergerverein-bad-duerkheim.de\/#website"},"primaryImageOfPage":{"@id":"https:\/\/buergerverein-bad-duerkheim.de\/index.php\/2024\/10\/17\/hello-world\/#primaryimage"},"image":{"@id":"https:\/\/buergerverein-bad-duerkheim.de\/index.php\/2024\/10\/17\/hello-world\/#primaryimage"},"thumbnailUrl":"https:\/\/buergerverein-bad-duerkheim.de\/wp-content\/uploads\/2025\/01\/Gruemdungsversammlung-2_klein.jpg","datePublished":"2024-10-17T13:30:59+00:00","dateModified":"2025-06-06T21:33:23+00:00","author":{"@id":"https:\/\/buergerverein-bad-duerkheim.de\/#\/schema\/person\/f3aedb0cbd1fe3c92f543db939b9aa02"},"breadcrumb":{"@id":"https:\/\/buergerverein-bad-duerkheim.de\/index.php\/2024\/10\/17\/hello-world\/#breadcrumb"},"inLanguage":"de","potentialAction":[{"@type":"ReadAction","target":["https:\/\/buergerverein-bad-duerkheim.de\/index.php\/2024\/10\/17\/hello-world\/"]}]},{"@type":"ImageObject","inLanguage":"de","@id":"https:\/\/buergerverein-bad-duerkheim.de\/index.php\/2024\/10\/17\/hello-world\/#primaryimage","url":"https:\/\/buergerverein-bad-duerkheim.de\/wp-content\/uploads\/2025\/01\/Gruemdungsversammlung-2_klein.jpg","contentUrl":"https:\/\/buergerverein-bad-duerkheim.de\/wp-content\/uploads\/2025\/01\/Gruemdungsversammlung-2_klein.jpg","width":1008,"height":756,"caption":"Foto Vereinsgr\u00fcndung"},{"@type":"BreadcrumbList","@id":"https:\/\/buergerverein-bad-duerkheim.de\/index.php\/2024\/10\/17\/hello-world\/#breadcrumb","itemListElement":[{"@type":"ListItem","position":1,"name":"Startseite","item":"https:\/\/buergerverein-bad-duerkheim.de\/"},{"@type":"ListItem","position":2,"name":"Vereinsgr\u00fcndung"}]},{"@type":"WebSite","@id":"https:\/\/buergerverein-bad-duerkheim.de\/#website","url":"https:\/\/buergerverein-bad-duerkheim.de\/","name":"B\u00fcrgerverein Bad D\u00fcrkheim e.V.","description":"B\u00fcrger helfen B\u00fcrgern","potentialAction":[{"@type":"SearchAction","target":{"@type":"EntryPoint","urlTemplate":"https:\/\/buergerverein-bad-duerkheim.de\/?s={search_term_string}"},"query-input":{"@type":"PropertyValueSpecification","valueRequired":true,"valueName":"search_term_string"}}],"inLanguage":"de"},{"@type":"Person","@id":"https:\/\/buergerverein-bad-duerkheim.de\/#\/schema\/person\/f3aedb0cbd1fe3c92f543db939b9aa02","name":"admin","image":{"@type":"ImageObject","inLanguage":"de","@id":"https:\/\/buergerverein-bad-duerkheim.de\/#\/schema\/person\/image\/","url":"https:\/\/secure.gravatar.com\/avatar\/6254b733fa833d541978274823f552e31ba1ddf15db0ae5cb28bdd5187e6f790?s=96&d=mm&r=g","contentUrl":"https:\/\/secure.gravatar.com\/avatar\/6254b733fa833d541978274823f552e31ba1ddf15db0ae5cb28bdd5187e6f790?s=96&d=mm&r=g","caption":"admin"},"sameAs":["https:\/\/buergerverein-bad-duerkheim.de"],"url":"https:\/\/buergerverein-bad-duerkheim.de\/index.php\/author\/webmaster_modulbuero\/"}]}},"_links":{"self":[{"href":"https:\/\/buergerverein-bad-duerkheim.de\/index.php\/wp-json\/wp\/v2\/posts\/1","targetHints":{"allow":["GET"]}}],"collection":[{"href":"https:\/\/buergerverein-bad-duerkheim.de\/index.php\/wp-json\/wp\/v2\/posts"}],"about":[{"href":"https:\/\/buergerverein-bad-duerkheim.de\/index.php\/wp-json\/wp\/v2\/types\/post"}],"author":[{"embeddable":true,"href":"https:\/\/buergerverein-bad-duerkheim.de\/index.php\/wp-json\/wp\/v2\/users\/1"}],"replies":[{"embeddable":true,"href":"https:\/\/buergerverein-bad-duerkheim.de\/index.php\/wp-json\/wp\/v2\/comments?post=1"}],"version-history":[{"count":10,"href":"https:\/\/buergerverein-bad-duerkheim.de\/index.php\/wp-json\/wp\/v2\/posts\/1\/revisions"}],"predecessor-version":[{"id":300,"href":"https:\/\/buergerverein-bad-duerkheim.de\/index.php\/wp-json\/wp\/v2\/posts\/1\/revisions\/300"}],"wp:featuredmedia":[{"embeddable":true,"href":"https:\/\/buergerverein-bad-duerkheim.de\/index.php\/wp-json\/wp\/v2\/media\/63"}],"wp:attachment":[{"href":"https:\/\/buergerverein-bad-duerkheim.de\/index.php\/wp-json\/wp\/v2\/media?parent=1"}],"wp:term":[{"taxonomy":"category","embeddable":true,"href":"https:\/\/buergerverein-bad-duerkheim.de\/index.php\/wp-json\/wp\/v2\/categories?post=1"},{"taxonomy":"post_tag","embeddable":true,"href":"https:\/\/buergerverein-bad-duerkheim.de\/index.php\/wp-json\/wp\/v2\/tags?post=1"}],"curies":[{"name":"wp","href":"https:\/\/api.w.org\/{rel}","templated":true}]}}