{"id":539,"date":"2025-06-08T08:28:16","date_gmt":"2025-06-08T08:28:16","guid":{"rendered":"https:\/\/buergerverein-bad-duerkheim.de\/?p=539"},"modified":"2025-06-08T12:22:54","modified_gmt":"2025-06-08T12:22:54","slug":"feierliche-uebergabe-des-fahrzeugs","status":"publish","type":"post","link":"https:\/\/buergerverein-bad-duerkheim.de\/index.php\/2025\/06\/08\/feierliche-uebergabe-des-fahrzeugs\/","title":{"rendered":"Feierliche \u00dcbergabe des Fahrzeugs am 5. Juni 2025"},"content":{"rendered":"\n<p>Auf dem Foto der komplette Vorstand, unsere Kassenpr\u00fcferinnen sowie die ersten Fahrg\u00e4ste zu sehen.<br><br>Die Stadtverwaltung hat sich wirklich ins Zeug gelegt und die \u00dcbergabe des Fahrzeugs in einer Feierstunde sehr gut organisiert. Die Sachgebietsleiterin Frau Schneider-Joseph und ihr ganzes Team sind einfach Spitze!<br>In den einzelnen Reden wurde noch einmal allen gedankt die an der Realisierung des Projekts &#8222;Bad D\u00fcrkheimer Seniorenbus&#8220; beteiligt waren. Den Presseartikel finden Sie <a href=\"https:\/\/buergerverein-bad-duerkheim.de\/index.php\/presse\/\">hier<\/a>.<br><br>Drei Fahrg\u00e4ste aus Ungstein, die sich zuerst f\u00fcr eine Fahrt angemeldet hatten, bekamen einen Blumenstrau\u00df \u00fcberreicht. Liselotte Schwalb, Renate Haeusler und Hanna Tempel, hatten sich bereit erkl\u00e4rt an der Feierstunde teilzunehmen.<br>Das Fahrzeug f\u00fcr das wir offiziell den Schl\u00fcssel \u00fcberreicht bekommen haben, ist ein Elektro Kleinbus Mercedes Benz EQV 300.<\/p>\n\n\n\n<figure class=\"wp-block-gallery has-nested-images columns-1 is-cropped wp-block-gallery-1 is-layout-flex wp-block-gallery-is-layout-flex\">\n<figure class=\"wp-block-image size-large\"><img loading=\"lazy\" decoding=\"async\" width=\"1024\" height=\"517\" data-id=\"523\" src=\"https:\/\/buergerverein-bad-duerkheim.de\/wp-content\/uploads\/2025\/06\/02_Fuer-Homepage-e1749374878249-1024x517.jpg\" alt=\"\" class=\"wp-image-523\" srcset=\"https:\/\/buergerverein-bad-duerkheim.de\/wp-content\/uploads\/2025\/06\/02_Fuer-Homepage-e1749374878249-1024x517.jpg 1024w, https:\/\/buergerverein-bad-duerkheim.de\/wp-content\/uploads\/2025\/06\/02_Fuer-Homepage-e1749374878249-300x152.jpg 300w, https:\/\/buergerverein-bad-duerkheim.de\/wp-content\/uploads\/2025\/06\/02_Fuer-Homepage-e1749374878249-768x388.jpg 768w, https:\/\/buergerverein-bad-duerkheim.de\/wp-content\/uploads\/2025\/06\/02_Fuer-Homepage-e1749374878249-1536x776.jpg 1536w, https:\/\/buergerverein-bad-duerkheim.de\/wp-content\/uploads\/2025\/06\/02_Fuer-Homepage-e1749374878249.jpg 2000w\" sizes=\"auto, (max-width: 1024px) 100vw, 1024px\" \/><figcaption class=\"wp-element-caption\">Feierliche \u00dcbergabe des Fahrzeugs &#8211; Unser Team in den neuen roten Westen<\/figcaption><\/figure>\n\n\n\n<figure class=\"wp-block-image size-large\"><img loading=\"lazy\" decoding=\"async\" width=\"1024\" height=\"768\" data-id=\"561\" src=\"https:\/\/buergerverein-bad-duerkheim.de\/wp-content\/uploads\/2025\/06\/signal-2025-06-05-162850_006-1024x768.jpeg\" alt=\"\" class=\"wp-image-561\" srcset=\"https:\/\/buergerverein-bad-duerkheim.de\/wp-content\/uploads\/2025\/06\/signal-2025-06-05-162850_006-1024x768.jpeg 1024w, https:\/\/buergerverein-bad-duerkheim.de\/wp-content\/uploads\/2025\/06\/signal-2025-06-05-162850_006-300x225.jpeg 300w, https:\/\/buergerverein-bad-duerkheim.de\/wp-content\/uploads\/2025\/06\/signal-2025-06-05-162850_006-768x576.jpeg 768w, https:\/\/buergerverein-bad-duerkheim.de\/wp-content\/uploads\/2025\/06\/signal-2025-06-05-162850_006-1536x1152.jpeg 1536w, https:\/\/buergerverein-bad-duerkheim.de\/wp-content\/uploads\/2025\/06\/signal-2025-06-05-162850_006.jpeg 2048w\" sizes=\"auto, (max-width: 1024px) 100vw, 1024px\" \/><figcaption class=\"wp-element-caption\">\u00dcbergabe des Schl\u00fcssels von B\u00fcrgermeisterin Bauernschmitt an den 1. Vorsitzenden des B\u00fcrgervereins Horst B\u00e4uml<\/figcaption><\/figure>\n\n\n\n<figure class=\"wp-block-image size-large\"><img loading=\"lazy\" decoding=\"async\" width=\"768\" height=\"1024\" data-id=\"557\" src=\"https:\/\/buergerverein-bad-duerkheim.de\/wp-content\/uploads\/2025\/06\/20250605_151156-768x1024.jpg\" alt=\"\" class=\"wp-image-557\" srcset=\"https:\/\/buergerverein-bad-duerkheim.de\/wp-content\/uploads\/2025\/06\/20250605_151156-768x1024.jpg 768w, https:\/\/buergerverein-bad-duerkheim.de\/wp-content\/uploads\/2025\/06\/20250605_151156-225x300.jpg 225w, https:\/\/buergerverein-bad-duerkheim.de\/wp-content\/uploads\/2025\/06\/20250605_151156-1152x1536.jpg 1152w, https:\/\/buergerverein-bad-duerkheim.de\/wp-content\/uploads\/2025\/06\/20250605_151156-1536x2048.jpg 1536w, https:\/\/buergerverein-bad-duerkheim.de\/wp-content\/uploads\/2025\/06\/20250605_151156-scaled.jpg 1920w\" sizes=\"auto, (max-width: 768px) 100vw, 768px\" \/><figcaption class=\"wp-element-caption\">Von Frau Schneider-Joseph selbst gebackene &#8222;Seniorenbusse&#8220;<\/figcaption><\/figure>\n\n\n\n<figure class=\"wp-block-image size-large\"><img decoding=\"async\" data-id=\"556\" src=\"https:\/\/buergerverein-bad-duerkheim.de\/wp-content\/uploads\/2025\/06\/04_Fuer-Homepage-e1749380747727-1024x782.jpg\" alt=\"\" class=\"wp-image-556\"\/><figcaption class=\"wp-element-caption\">Unsere drei Fahrg\u00e4ste die sich zuerst angemeldet hatten<\/figcaption><\/figure>\n\n\n\n<figure class=\"wp-block-image size-large\"><img loading=\"lazy\" decoding=\"async\" width=\"768\" height=\"1024\" data-id=\"559\" src=\"https:\/\/buergerverein-bad-duerkheim.de\/wp-content\/uploads\/2025\/06\/signal-2025-06-05-165638_002-768x1024.jpeg\" alt=\"\" class=\"wp-image-559\" srcset=\"https:\/\/buergerverein-bad-duerkheim.de\/wp-content\/uploads\/2025\/06\/signal-2025-06-05-165638_002-768x1024.jpeg 768w, https:\/\/buergerverein-bad-duerkheim.de\/wp-content\/uploads\/2025\/06\/signal-2025-06-05-165638_002-225x300.jpeg 225w, https:\/\/buergerverein-bad-duerkheim.de\/wp-content\/uploads\/2025\/06\/signal-2025-06-05-165638_002-1152x1536.jpeg 1152w, https:\/\/buergerverein-bad-duerkheim.de\/wp-content\/uploads\/2025\/06\/signal-2025-06-05-165638_002.jpeg 1536w\" sizes=\"auto, (max-width: 768px) 100vw, 768px\" \/><figcaption class=\"wp-element-caption\">Seniorenbus als Geb\u00e4ck<\/figcaption><\/figure>\n\n\n\n<figure class=\"wp-block-image size-large\"><img loading=\"lazy\" decoding=\"async\" width=\"1024\" height=\"815\" data-id=\"558\" src=\"https:\/\/buergerverein-bad-duerkheim.de\/wp-content\/uploads\/2025\/06\/IMG-20250606-WA0010-1024x815.jpg\" alt=\"\" class=\"wp-image-558\" srcset=\"https:\/\/buergerverein-bad-duerkheim.de\/wp-content\/uploads\/2025\/06\/IMG-20250606-WA0010-1024x815.jpg 1024w, https:\/\/buergerverein-bad-duerkheim.de\/wp-content\/uploads\/2025\/06\/IMG-20250606-WA0010-300x239.jpg 300w, https:\/\/buergerverein-bad-duerkheim.de\/wp-content\/uploads\/2025\/06\/IMG-20250606-WA0010-768x611.jpg 768w, https:\/\/buergerverein-bad-duerkheim.de\/wp-content\/uploads\/2025\/06\/IMG-20250606-WA0010-1536x1222.jpg 1536w, https:\/\/buergerverein-bad-duerkheim.de\/wp-content\/uploads\/2025\/06\/IMG-20250606-WA0010.jpg 2048w\" sizes=\"auto, (max-width: 1024px) 100vw, 1024px\" \/><figcaption class=\"wp-element-caption\">Winzer-Snack in gebastelten Kartons<\/figcaption><\/figure>\n\n\n\n<figure class=\"wp-block-image size-medium\"><img loading=\"lazy\" decoding=\"async\" width=\"225\" height=\"300\" data-id=\"560\" src=\"https:\/\/buergerverein-bad-duerkheim.de\/wp-content\/uploads\/2025\/06\/threema-20250606-080119471-225x300.jpg\" alt=\"\" class=\"wp-image-560\" srcset=\"https:\/\/buergerverein-bad-duerkheim.de\/wp-content\/uploads\/2025\/06\/threema-20250606-080119471-225x300.jpg 225w, https:\/\/buergerverein-bad-duerkheim.de\/wp-content\/uploads\/2025\/06\/threema-20250606-080119471.jpg 768w\" sizes=\"auto, (max-width: 225px) 100vw, 225px\" \/><figcaption class=\"wp-element-caption\">Der Seniorebusflyer als F\u00e4cher aufgereiht<\/figcaption><\/figure>\n\n\n\n<figure class=\"wp-block-image size-large\"><img loading=\"lazy\" decoding=\"async\" width=\"473\" height=\"1024\" data-id=\"565\" src=\"https:\/\/buergerverein-bad-duerkheim.de\/wp-content\/uploads\/2025\/06\/signal-2025-06-05-213719_011-473x1024.jpeg\" alt=\"\" class=\"wp-image-565\" srcset=\"https:\/\/buergerverein-bad-duerkheim.de\/wp-content\/uploads\/2025\/06\/signal-2025-06-05-213719_011-473x1024.jpeg 473w, https:\/\/buergerverein-bad-duerkheim.de\/wp-content\/uploads\/2025\/06\/signal-2025-06-05-213719_011-139x300.jpeg 139w, https:\/\/buergerverein-bad-duerkheim.de\/wp-content\/uploads\/2025\/06\/signal-2025-06-05-213719_011-768x1663.jpeg 768w, https:\/\/buergerverein-bad-duerkheim.de\/wp-content\/uploads\/2025\/06\/signal-2025-06-05-213719_011-710x1536.jpeg 710w, https:\/\/buergerverein-bad-duerkheim.de\/wp-content\/uploads\/2025\/06\/signal-2025-06-05-213719_011.jpeg 946w\" sizes=\"auto, (max-width: 473px) 100vw, 473px\" \/><figcaption class=\"wp-element-caption\">Die Sparkasse Rhein-Haardt hat unsere roten Westen bezuschusst<\/figcaption><\/figure>\n\n\n\n<figure class=\"wp-block-image size-large\"><img loading=\"lazy\" decoding=\"async\" width=\"560\" height=\"1024\" data-id=\"566\" src=\"https:\/\/buergerverein-bad-duerkheim.de\/wp-content\/uploads\/2025\/06\/signal-2025-06-05-175741_006-e1749376174840-560x1024.jpeg\" alt=\"\" class=\"wp-image-566\" srcset=\"https:\/\/buergerverein-bad-duerkheim.de\/wp-content\/uploads\/2025\/06\/signal-2025-06-05-175741_006-e1749376174840-560x1024.jpeg 560w, https:\/\/buergerverein-bad-duerkheim.de\/wp-content\/uploads\/2025\/06\/signal-2025-06-05-175741_006-e1749376174840-164x300.jpeg 164w, https:\/\/buergerverein-bad-duerkheim.de\/wp-content\/uploads\/2025\/06\/signal-2025-06-05-175741_006-e1749376174840-768x1404.jpeg 768w, https:\/\/buergerverein-bad-duerkheim.de\/wp-content\/uploads\/2025\/06\/signal-2025-06-05-175741_006-e1749376174840-840x1536.jpeg 840w, https:\/\/buergerverein-bad-duerkheim.de\/wp-content\/uploads\/2025\/06\/signal-2025-06-05-175741_006-e1749376174840.jpeg 875w\" sizes=\"auto, (max-width: 560px) 100vw, 560px\" \/><figcaption class=\"wp-element-caption\">Die Vertreter von VR Bank Mittelhaardt und Sparkasse Rhein-Haardt die f\u00fcr das Fahrzeug an die Stadt Bad D\u00fcrkheim gespendet haben<\/figcaption><\/figure>\n<\/figure>\n\n\n\n<p><\/p>\n","protected":false},"excerpt":{"rendered":"<p>Auf dem Foto der komplette Vorstand, unsere Kassenpr\u00fcferinnen sowie die ersten Fahrg\u00e4ste zu sehen. Die Stadtverwaltung hat sich wirklich ins Zeug gelegt und die \u00dcbergabe des Fahrzeugs in einer Feierstunde [&hellip;]<\/p>\n","protected":false},"author":-1,"featured_media":542,"comment_status":"closed","ping_status":"open","sticky":false,"template":"","format":"standard","meta":{"footnotes":""},"categories":[6],"tags":[],"class_list":["post-539","post","type-post","status-publish","format-standard","has-post-thumbnail","hentry","category-seniorenbus"],"yoast_head":"<!-- This site is optimized with the Yoast SEO plugin v24.2 - https:\/\/yoast.com\/wordpress\/plugins\/seo\/ -->\n<title>Feierliche \u00dcbergabe des Fahrzeugs am 5. Juni 2025 - B\u00fcrgerverein Bad D\u00fcrkheim e.V.<\/title>\n<meta name=\"robots\" content=\"index, follow, max-snippet:-1, max-image-preview:large, max-video-preview:-1\" \/>\n<link rel=\"canonical\" href=\"https:\/\/buergerverein-bad-duerkheim.de\/index.php\/2025\/06\/08\/feierliche-uebergabe-des-fahrzeugs\/\" \/>\n<meta property=\"og:locale\" content=\"de_DE\" \/>\n<meta property=\"og:type\" content=\"article\" \/>\n<meta property=\"og:title\" content=\"Feierliche \u00dcbergabe des Fahrzeugs am 5. Juni 2025 - B\u00fcrgerverein Bad D\u00fcrkheim e.V.\" \/>\n<meta property=\"og:description\" content=\"Auf dem Foto der komplette Vorstand, unsere Kassenpr\u00fcferinnen sowie die ersten Fahrg\u00e4ste zu sehen. Die Stadtverwaltung hat sich wirklich ins Zeug gelegt und die \u00dcbergabe des Fahrzeugs in einer Feierstunde [&hellip;]\" \/>\n<meta property=\"og:url\" content=\"https:\/\/buergerverein-bad-duerkheim.de\/index.php\/2025\/06\/08\/feierliche-uebergabe-des-fahrzeugs\/\" \/>\n<meta property=\"og:site_name\" content=\"B\u00fcrgerverein Bad D\u00fcrkheim e.V.\" \/>\n<meta property=\"article:published_time\" content=\"2025-06-08T08:28:16+00:00\" \/>\n<meta property=\"article:modified_time\" content=\"2025-06-08T12:22:54+00:00\" \/>\n<meta property=\"og:image\" content=\"https:\/\/buergerverein-bad-duerkheim.de\/wp-content\/uploads\/2025\/06\/05_Fuer-Homepage-e1749372790223.jpg\" \/>\n\t<meta property=\"og:image:width\" content=\"1024\" \/>\n\t<meta property=\"og:image:height\" content=\"696\" \/>\n\t<meta property=\"og:image:type\" content=\"image\/jpeg\" \/>\n<meta name=\"author\" content=\"horstbauml\" \/>\n<meta name=\"twitter:card\" content=\"summary_large_image\" \/>\n<meta name=\"twitter:label1\" content=\"Verfasst von\" \/>\n\t<meta name=\"twitter:data1\" content=\"horstbauml\" \/>\n\t<meta name=\"twitter:label2\" content=\"Gesch\u00e4tzte Lesezeit\" \/>\n\t<meta name=\"twitter:data2\" content=\"4\u00a0Minuten\" \/>\n<script type=\"application\/ld+json\" class=\"yoast-schema-graph\">{\"@context\":\"https:\/\/schema.org\",\"@graph\":[{\"@type\":\"WebPage\",\"@id\":\"https:\/\/buergerverein-bad-duerkheim.de\/index.php\/2025\/06\/08\/feierliche-uebergabe-des-fahrzeugs\/\",\"url\":\"https:\/\/buergerverein-bad-duerkheim.de\/index.php\/2025\/06\/08\/feierliche-uebergabe-des-fahrzeugs\/\",\"name\":\"Feierliche \u00dcbergabe des Fahrzeugs am 5. Juni 2025 - B\u00fcrgerverein Bad D\u00fcrkheim e.V.\",\"isPartOf\":{\"@id\":\"https:\/\/buergerverein-bad-duerkheim.de\/#website\"},\"primaryImageOfPage\":{\"@id\":\"https:\/\/buergerverein-bad-duerkheim.de\/index.php\/2025\/06\/08\/feierliche-uebergabe-des-fahrzeugs\/#primaryimage\"},\"image\":{\"@id\":\"https:\/\/buergerverein-bad-duerkheim.de\/index.php\/2025\/06\/08\/feierliche-uebergabe-des-fahrzeugs\/#primaryimage\"},\"thumbnailUrl\":\"https:\/\/buergerverein-bad-duerkheim.de\/wp-content\/uploads\/2025\/06\/05_Fuer-Homepage-e1749372790223.jpg\",\"datePublished\":\"2025-06-08T08:28:16+00:00\",\"dateModified\":\"2025-06-08T12:22:54+00:00\",\"author\":{\"@id\":\"https:\/\/buergerverein-bad-duerkheim.de\/#\/schema\/person\/59a85e0ebd8417b06859c841840d8448\"},\"breadcrumb\":{\"@id\":\"https:\/\/buergerverein-bad-duerkheim.de\/index.php\/2025\/06\/08\/feierliche-uebergabe-des-fahrzeugs\/#breadcrumb\"},\"inLanguage\":\"de\",\"potentialAction\":[{\"@type\":\"ReadAction\",\"target\":[\"https:\/\/buergerverein-bad-duerkheim.de\/index.php\/2025\/06\/08\/feierliche-uebergabe-des-fahrzeugs\/\"]}]},{\"@type\":\"ImageObject\",\"inLanguage\":\"de\",\"@id\":\"https:\/\/buergerverein-bad-duerkheim.de\/index.php\/2025\/06\/08\/feierliche-uebergabe-des-fahrzeugs\/#primaryimage\",\"url\":\"https:\/\/buergerverein-bad-duerkheim.de\/wp-content\/uploads\/2025\/06\/05_Fuer-Homepage-e1749372790223.jpg\",\"contentUrl\":\"https:\/\/buergerverein-bad-duerkheim.de\/wp-content\/uploads\/2025\/06\/05_Fuer-Homepage-e1749372790223.jpg\",\"width\":1024,\"height\":696},{\"@type\":\"BreadcrumbList\",\"@id\":\"https:\/\/buergerverein-bad-duerkheim.de\/index.php\/2025\/06\/08\/feierliche-uebergabe-des-fahrzeugs\/#breadcrumb\",\"itemListElement\":[{\"@type\":\"ListItem\",\"position\":1,\"name\":\"Startseite\",\"item\":\"https:\/\/buergerverein-bad-duerkheim.de\/\"},{\"@type\":\"ListItem\",\"position\":2,\"name\":\"Feierliche \u00dcbergabe des Fahrzeugs am 5. Juni 2025\"}]},{\"@type\":\"WebSite\",\"@id\":\"https:\/\/buergerverein-bad-duerkheim.de\/#website\",\"url\":\"https:\/\/buergerverein-bad-duerkheim.de\/\",\"name\":\"B\u00fcrgerverein Bad D\u00fcrkheim e.V.\",\"description\":\"B\u00fcrger helfen B\u00fcrgern\",\"potentialAction\":[{\"@type\":\"SearchAction\",\"target\":{\"@type\":\"EntryPoint\",\"urlTemplate\":\"https:\/\/buergerverein-bad-duerkheim.de\/?s={search_term_string}\"},\"query-input\":{\"@type\":\"PropertyValueSpecification\",\"valueRequired\":true,\"valueName\":\"search_term_string\"}}],\"inLanguage\":\"de\"},{\"@type\":\"Person\",\"@id\":\"https:\/\/buergerverein-bad-duerkheim.de\/#\/schema\/person\/59a85e0ebd8417b06859c841840d8448\",\"name\":\"horstbauml\",\"image\":{\"@type\":\"ImageObject\",\"inLanguage\":\"de\",\"@id\":\"https:\/\/buergerverein-bad-duerkheim.de\/#\/schema\/person\/image\/\",\"url\":\"https:\/\/secure.gravatar.com\/avatar\/acf1b24ffe4ca21c22442dfae71c15c21751a79575ed2bb6920c77162379e00f?s=96&d=mm&r=g\",\"contentUrl\":\"https:\/\/secure.gravatar.com\/avatar\/acf1b24ffe4ca21c22442dfae71c15c21751a79575ed2bb6920c77162379e00f?s=96&d=mm&r=g\",\"caption\":\"horstbauml\"},\"url\":\"https:\/\/buergerverein-bad-duerkheim.de\/index.php\/author\/horstbauml\/\"}]}<\/script>\n<!-- \/ Yoast SEO plugin. -->","yoast_head_json":{"title":"Feierliche \u00dcbergabe des Fahrzeugs am 5. Juni 2025 - B\u00fcrgerverein Bad D\u00fcrkheim e.V.","robots":{"index":"index","follow":"follow","max-snippet":"max-snippet:-1","max-image-preview":"max-image-preview:large","max-video-preview":"max-video-preview:-1"},"canonical":"https:\/\/buergerverein-bad-duerkheim.de\/index.php\/2025\/06\/08\/feierliche-uebergabe-des-fahrzeugs\/","og_locale":"de_DE","og_type":"article","og_title":"Feierliche \u00dcbergabe des Fahrzeugs am 5. Juni 2025 - B\u00fcrgerverein Bad D\u00fcrkheim e.V.","og_description":"Auf dem Foto der komplette Vorstand, unsere Kassenpr\u00fcferinnen sowie die ersten Fahrg\u00e4ste zu sehen. Die Stadtverwaltung hat sich wirklich ins Zeug gelegt und die \u00dcbergabe des Fahrzeugs in einer Feierstunde [&hellip;]","og_url":"https:\/\/buergerverein-bad-duerkheim.de\/index.php\/2025\/06\/08\/feierliche-uebergabe-des-fahrzeugs\/","og_site_name":"B\u00fcrgerverein Bad D\u00fcrkheim e.V.","article_published_time":"2025-06-08T08:28:16+00:00","article_modified_time":"2025-06-08T12:22:54+00:00","og_image":[{"width":1024,"height":696,"url":"https:\/\/buergerverein-bad-duerkheim.de\/wp-content\/uploads\/2025\/06\/05_Fuer-Homepage-e1749372790223.jpg","type":"image\/jpeg"}],"author":"horstbauml","twitter_card":"summary_large_image","twitter_misc":{"Verfasst von":"horstbauml","Gesch\u00e4tzte Lesezeit":"4\u00a0Minuten"},"schema":{"@context":"https:\/\/schema.org","@graph":[{"@type":"WebPage","@id":"https:\/\/buergerverein-bad-duerkheim.de\/index.php\/2025\/06\/08\/feierliche-uebergabe-des-fahrzeugs\/","url":"https:\/\/buergerverein-bad-duerkheim.de\/index.php\/2025\/06\/08\/feierliche-uebergabe-des-fahrzeugs\/","name":"Feierliche \u00dcbergabe des Fahrzeugs am 5. Juni 2025 - B\u00fcrgerverein Bad D\u00fcrkheim e.V.","isPartOf":{"@id":"https:\/\/buergerverein-bad-duerkheim.de\/#website"},"primaryImageOfPage":{"@id":"https:\/\/buergerverein-bad-duerkheim.de\/index.php\/2025\/06\/08\/feierliche-uebergabe-des-fahrzeugs\/#primaryimage"},"image":{"@id":"https:\/\/buergerverein-bad-duerkheim.de\/index.php\/2025\/06\/08\/feierliche-uebergabe-des-fahrzeugs\/#primaryimage"},"thumbnailUrl":"https:\/\/buergerverein-bad-duerkheim.de\/wp-content\/uploads\/2025\/06\/05_Fuer-Homepage-e1749372790223.jpg","datePublished":"2025-06-08T08:28:16+00:00","dateModified":"2025-06-08T12:22:54+00:00","author":{"@id":"https:\/\/buergerverein-bad-duerkheim.de\/#\/schema\/person\/59a85e0ebd8417b06859c841840d8448"},"breadcrumb":{"@id":"https:\/\/buergerverein-bad-duerkheim.de\/index.php\/2025\/06\/08\/feierliche-uebergabe-des-fahrzeugs\/#breadcrumb"},"inLanguage":"de","potentialAction":[{"@type":"ReadAction","target":["https:\/\/buergerverein-bad-duerkheim.de\/index.php\/2025\/06\/08\/feierliche-uebergabe-des-fahrzeugs\/"]}]},{"@type":"ImageObject","inLanguage":"de","@id":"https:\/\/buergerverein-bad-duerkheim.de\/index.php\/2025\/06\/08\/feierliche-uebergabe-des-fahrzeugs\/#primaryimage","url":"https:\/\/buergerverein-bad-duerkheim.de\/wp-content\/uploads\/2025\/06\/05_Fuer-Homepage-e1749372790223.jpg","contentUrl":"https:\/\/buergerverein-bad-duerkheim.de\/wp-content\/uploads\/2025\/06\/05_Fuer-Homepage-e1749372790223.jpg","width":1024,"height":696},{"@type":"BreadcrumbList","@id":"https:\/\/buergerverein-bad-duerkheim.de\/index.php\/2025\/06\/08\/feierliche-uebergabe-des-fahrzeugs\/#breadcrumb","itemListElement":[{"@type":"ListItem","position":1,"name":"Startseite","item":"https:\/\/buergerverein-bad-duerkheim.de\/"},{"@type":"ListItem","position":2,"name":"Feierliche \u00dcbergabe des Fahrzeugs am 5. Juni 2025"}]},{"@type":"WebSite","@id":"https:\/\/buergerverein-bad-duerkheim.de\/#website","url":"https:\/\/buergerverein-bad-duerkheim.de\/","name":"B\u00fcrgerverein Bad D\u00fcrkheim e.V.","description":"B\u00fcrger helfen B\u00fcrgern","potentialAction":[{"@type":"SearchAction","target":{"@type":"EntryPoint","urlTemplate":"https:\/\/buergerverein-bad-duerkheim.de\/?s={search_term_string}"},"query-input":{"@type":"PropertyValueSpecification","valueRequired":true,"valueName":"search_term_string"}}],"inLanguage":"de"},{"@type":"Person","@id":"https:\/\/buergerverein-bad-duerkheim.de\/#\/schema\/person\/59a85e0ebd8417b06859c841840d8448","name":"horstbauml","image":{"@type":"ImageObject","inLanguage":"de","@id":"https:\/\/buergerverein-bad-duerkheim.de\/#\/schema\/person\/image\/","url":"https:\/\/secure.gravatar.com\/avatar\/acf1b24ffe4ca21c22442dfae71c15c21751a79575ed2bb6920c77162379e00f?s=96&d=mm&r=g","contentUrl":"https:\/\/secure.gravatar.com\/avatar\/acf1b24ffe4ca21c22442dfae71c15c21751a79575ed2bb6920c77162379e00f?s=96&d=mm&r=g","caption":"horstbauml"},"url":"https:\/\/buergerverein-bad-duerkheim.de\/index.php\/author\/horstbauml\/"}]}},"_links":{"self":[{"href":"https:\/\/buergerverein-bad-duerkheim.de\/index.php\/wp-json\/wp\/v2\/posts\/539","targetHints":{"allow":["GET"]}}],"collection":[{"href":"https:\/\/buergerverein-bad-duerkheim.de\/index.php\/wp-json\/wp\/v2\/posts"}],"about":[{"href":"https:\/\/buergerverein-bad-duerkheim.de\/index.php\/wp-json\/wp\/v2\/types\/post"}],"author":[{"embeddable":true,"href":"https:\/\/buergerverein-bad-duerkheim.de\/index.php\/wp-json\/wp\/v2\/users\/2"}],"replies":[{"embeddable":true,"href":"https:\/\/buergerverein-bad-duerkheim.de\/index.php\/wp-json\/wp\/v2\/comments?post=539"}],"version-history":[{"count":17,"href":"https:\/\/buergerverein-bad-duerkheim.de\/index.php\/wp-json\/wp\/v2\/posts\/539\/revisions"}],"predecessor-version":[{"id":582,"href":"https:\/\/buergerverein-bad-duerkheim.de\/index.php\/wp-json\/wp\/v2\/posts\/539\/revisions\/582"}],"wp:featuredmedia":[{"embeddable":true,"href":"https:\/\/buergerverein-bad-duerkheim.de\/index.php\/wp-json\/wp\/v2\/media\/542"}],"wp:attachment":[{"href":"https:\/\/buergerverein-bad-duerkheim.de\/index.php\/wp-json\/wp\/v2\/media?parent=539"}],"wp:term":[{"taxonomy":"category","embeddable":true,"href":"https:\/\/buergerverein-bad-duerkheim.de\/index.php\/wp-json\/wp\/v2\/categories?post=539"},{"taxonomy":"post_tag","embeddable":true,"href":"https:\/\/buergerverein-bad-duerkheim.de\/index.php\/wp-json\/wp\/v2\/tags?post=539"}],"curies":[{"name":"wp","href":"https:\/\/api.w.org\/{rel}","templated":true}]}}