{"id":611,"date":"2025-06-26T10:50:57","date_gmt":"2025-06-26T10:50:57","guid":{"rendered":"https:\/\/buergerverein-bad-duerkheim.de\/?p=611"},"modified":"2025-06-26T11:01:11","modified_gmt":"2025-06-26T11:01:11","slug":"seminar-mobil-bleiben-mit-bus-und-bahn","status":"publish","type":"post","link":"https:\/\/buergerverein-bad-duerkheim.de\/index.php\/2025\/06\/26\/seminar-mobil-bleiben-mit-bus-und-bahn\/","title":{"rendered":"Seminar &#8211; &#8222;Mobil bleiben mit Bus und Bahn&#8220; &#8211; 24. Juni 2025"},"content":{"rendered":"\n<p>Der B\u00fcrgerverein Bad D\u00fcrkheim e.V. setzt sich daf\u00fcr ein, dass \u00e4ltere Menschen m\u00f6glichst lange mobil bleiben und sich aktiv am Leben beteiligen k\u00f6nnen. Deshalb hat der Verein am 24.06.2025 ein Mobilit\u00e4tstraining f\u00fcr Seniorinnen und Senioren angeboten \u2013 \u201eMobil bleiben mit Bus und Bahn\u201c.<\/p>\n\n\n\n<p>Kooperationspartner waren die Arbeiterwohlfahrt AWO und der Sozialverband VDK. Die beiden sehr kompetenten Referenten von Firma Behles Bus, Herr Buck (Theorie), Herr Koch (Praxisteil), wurden \u00fcber den VRN beauftragt.<br><a href=\"https:\/\/www.vrn.de\/service\/senioren\/mobilitaetstraining\/index.html\">https:\/\/www.vrn.de\/service\/senioren\/mobilitaetstraining\/index.html<\/a><\/p>\n\n\n\n<p>Neben einem Theorieteil (2 Stunden) gab es auch einen Praxisteil (2 Std.).<br>Der Theorieteil wurde in den R\u00e4umlichkeiten der AWO durchgef\u00fchrt. Der praktische Anteil an der Bushaltestelle und in einem modernen Linienbus. Praktische Inhalte waren z.B.:<br>&#8211; Ein- und Aussteigen mit dem Rollator<br>&#8211; Ein- und Austeigen mit dem Rollstuhl<br>&#8211; Richtiges Fortbewegen im Bus<br>&#8211; Wie mache ich mich bemerkbar?<br>&#8211; Vorsicht an der Haltestelle<br>&#8211; Toter Winkel<\/p>\n\n\n\n<p>Welche Fragen kamen aus der Mitte der 21 Teilnehmer*innen und welche Probleme im \u00d6PNV wurden angesprochen? Diesen Punkten gehen wir nach und leiten sie an die zust\u00e4ndigen Stellen weiter.<\/p>\n\n\n\n<ul class=\"wp-block-list\">\n<li>Warum gibt es das Deutschlandticket nicht mehr in Papierform?<\/li>\n\n\n\n<li>Wieso gibt es keine barrierefreien Bushaltestellen in Bad D\u00fcrkheim?<\/li>\n\n\n\n<li>Wieso sind die Fahrpl\u00e4ne der Busse so eng getaktet? Selbst kleinste St\u00f6rungen (Kauf eines Tickets beim Busfahrer mit Bargeld) f\u00fchren zwangsl\u00e4ufig zu Versp\u00e4tungen. Da die Taktung zu eng ist bleibt wenig Zeit bei der Einstiegshilfe f\u00fcr Menschen mit Rollator oder Rollstuhl.<\/li>\n\n\n\n<li>K\u00f6nnte das Ticketsystem nicht vereinfacht werden?<\/li>\n\n\n\n<li>Wieso sind nicht alle Busfahrer dahingehend trainiert, dass beim Einstieg von \u00e4lteren Menschen der Bus sanft und nicht zu schnell anf\u00e4hrt. Das w\u00fcrde St\u00fcrze verhindern. Hier w\u00e4re mehr Sensibilit\u00e4t hilfreich.<\/li>\n\n\n\n<li>Es kommt vor, dass die Rampe f\u00fcr Rollstuhlfahrer*innen erst nach mehrmaliger Aufforderung ausgeklappt wird. Wieso sind nicht alle Fahrer*innen dahingehend geschult?<\/li>\n\n\n\n<li>Wieso nutzen nicht alle Busse die automatische Absenkung, um Menschen mit Rollatoren den Einstieg zu erleichtern?<\/li>\n<\/ul>\n\n\n\n<figure class=\"wp-block-image size-full\"><img loading=\"lazy\" decoding=\"async\" width=\"750\" height=\"1000\" src=\"https:\/\/buergerverein-bad-duerkheim.de\/wp-content\/uploads\/2025\/06\/Bus.jpg\" alt=\"\" class=\"wp-image-615\" srcset=\"https:\/\/buergerverein-bad-duerkheim.de\/wp-content\/uploads\/2025\/06\/Bus.jpg 750w, https:\/\/buergerverein-bad-duerkheim.de\/wp-content\/uploads\/2025\/06\/Bus-225x300.jpg 225w\" sizes=\"auto, (max-width: 750px) 100vw, 750px\" \/><\/figure>\n","protected":false},"excerpt":{"rendered":"<p>Der B\u00fcrgerverein Bad D\u00fcrkheim e.V. setzt sich daf\u00fcr ein, dass \u00e4ltere Menschen m\u00f6glichst lange mobil bleiben und sich aktiv am Leben beteiligen k\u00f6nnen. Deshalb hat der Verein am 24.06.2025 ein [&hellip;]<\/p>\n","protected":false},"author":-1,"featured_media":612,"comment_status":"closed","ping_status":"open","sticky":false,"template":"","format":"standard","meta":{"footnotes":""},"categories":[9],"tags":[],"class_list":["post-611","post","type-post","status-publish","format-standard","has-post-thumbnail","hentry","category-seminare-workshops"],"yoast_head":"<!-- This site is optimized with the Yoast SEO plugin v24.2 - https:\/\/yoast.com\/wordpress\/plugins\/seo\/ -->\n<title>Seminar - &quot;Mobil bleiben mit Bus und Bahn&quot; - 24. Juni 2025 - B\u00fcrgerverein Bad D\u00fcrkheim e.V.<\/title>\n<meta name=\"robots\" content=\"index, follow, max-snippet:-1, max-image-preview:large, max-video-preview:-1\" \/>\n<link rel=\"canonical\" href=\"https:\/\/buergerverein-bad-duerkheim.de\/index.php\/2025\/06\/26\/seminar-mobil-bleiben-mit-bus-und-bahn\/\" \/>\n<meta property=\"og:locale\" content=\"de_DE\" \/>\n<meta property=\"og:type\" content=\"article\" \/>\n<meta property=\"og:title\" content=\"Seminar - &quot;Mobil bleiben mit Bus und Bahn&quot; - 24. Juni 2025 - B\u00fcrgerverein Bad D\u00fcrkheim e.V.\" \/>\n<meta property=\"og:description\" content=\"Der B\u00fcrgerverein Bad D\u00fcrkheim e.V. setzt sich daf\u00fcr ein, dass \u00e4ltere Menschen m\u00f6glichst lange mobil bleiben und sich aktiv am Leben beteiligen k\u00f6nnen. Deshalb hat der Verein am 24.06.2025 ein [&hellip;]\" \/>\n<meta property=\"og:url\" content=\"https:\/\/buergerverein-bad-duerkheim.de\/index.php\/2025\/06\/26\/seminar-mobil-bleiben-mit-bus-und-bahn\/\" \/>\n<meta property=\"og:site_name\" content=\"B\u00fcrgerverein Bad D\u00fcrkheim e.V.\" \/>\n<meta property=\"article:published_time\" content=\"2025-06-26T10:50:57+00:00\" \/>\n<meta property=\"article:modified_time\" content=\"2025-06-26T11:01:11+00:00\" \/>\n<meta property=\"og:image\" content=\"https:\/\/buergerverein-bad-duerkheim.de\/wp-content\/uploads\/2025\/06\/20250624_160914_crp-scaled.jpg\" \/>\n\t<meta property=\"og:image:width\" content=\"2560\" \/>\n\t<meta property=\"og:image:height\" content=\"2258\" \/>\n\t<meta property=\"og:image:type\" content=\"image\/jpeg\" \/>\n<meta name=\"author\" content=\"horstbauml\" \/>\n<meta name=\"twitter:card\" content=\"summary_large_image\" \/>\n<meta name=\"twitter:label1\" content=\"Verfasst von\" \/>\n\t<meta name=\"twitter:data1\" content=\"horstbauml\" \/>\n\t<meta name=\"twitter:label2\" content=\"Gesch\u00e4tzte Lesezeit\" \/>\n\t<meta name=\"twitter:data2\" content=\"3\u00a0Minuten\" \/>\n<script type=\"application\/ld+json\" class=\"yoast-schema-graph\">{\"@context\":\"https:\/\/schema.org\",\"@graph\":[{\"@type\":\"WebPage\",\"@id\":\"https:\/\/buergerverein-bad-duerkheim.de\/index.php\/2025\/06\/26\/seminar-mobil-bleiben-mit-bus-und-bahn\/\",\"url\":\"https:\/\/buergerverein-bad-duerkheim.de\/index.php\/2025\/06\/26\/seminar-mobil-bleiben-mit-bus-und-bahn\/\",\"name\":\"Seminar - \\\"Mobil bleiben mit Bus und Bahn\\\" - 24. Juni 2025 - B\u00fcrgerverein Bad D\u00fcrkheim e.V.\",\"isPartOf\":{\"@id\":\"https:\/\/buergerverein-bad-duerkheim.de\/#website\"},\"primaryImageOfPage\":{\"@id\":\"https:\/\/buergerverein-bad-duerkheim.de\/index.php\/2025\/06\/26\/seminar-mobil-bleiben-mit-bus-und-bahn\/#primaryimage\"},\"image\":{\"@id\":\"https:\/\/buergerverein-bad-duerkheim.de\/index.php\/2025\/06\/26\/seminar-mobil-bleiben-mit-bus-und-bahn\/#primaryimage\"},\"thumbnailUrl\":\"https:\/\/buergerverein-bad-duerkheim.de\/wp-content\/uploads\/2025\/06\/20250624_160914_crp-scaled.jpg\",\"datePublished\":\"2025-06-26T10:50:57+00:00\",\"dateModified\":\"2025-06-26T11:01:11+00:00\",\"author\":{\"@id\":\"https:\/\/buergerverein-bad-duerkheim.de\/#\/schema\/person\/59a85e0ebd8417b06859c841840d8448\"},\"breadcrumb\":{\"@id\":\"https:\/\/buergerverein-bad-duerkheim.de\/index.php\/2025\/06\/26\/seminar-mobil-bleiben-mit-bus-und-bahn\/#breadcrumb\"},\"inLanguage\":\"de\",\"potentialAction\":[{\"@type\":\"ReadAction\",\"target\":[\"https:\/\/buergerverein-bad-duerkheim.de\/index.php\/2025\/06\/26\/seminar-mobil-bleiben-mit-bus-und-bahn\/\"]}]},{\"@type\":\"ImageObject\",\"inLanguage\":\"de\",\"@id\":\"https:\/\/buergerverein-bad-duerkheim.de\/index.php\/2025\/06\/26\/seminar-mobil-bleiben-mit-bus-und-bahn\/#primaryimage\",\"url\":\"https:\/\/buergerverein-bad-duerkheim.de\/wp-content\/uploads\/2025\/06\/20250624_160914_crp-scaled.jpg\",\"contentUrl\":\"https:\/\/buergerverein-bad-duerkheim.de\/wp-content\/uploads\/2025\/06\/20250624_160914_crp-scaled.jpg\",\"width\":2560,\"height\":2258},{\"@type\":\"BreadcrumbList\",\"@id\":\"https:\/\/buergerverein-bad-duerkheim.de\/index.php\/2025\/06\/26\/seminar-mobil-bleiben-mit-bus-und-bahn\/#breadcrumb\",\"itemListElement\":[{\"@type\":\"ListItem\",\"position\":1,\"name\":\"Startseite\",\"item\":\"https:\/\/buergerverein-bad-duerkheim.de\/\"},{\"@type\":\"ListItem\",\"position\":2,\"name\":\"Seminar &#8211; &#8222;Mobil bleiben mit Bus und Bahn&#8220; &#8211; 24. Juni 2025\"}]},{\"@type\":\"WebSite\",\"@id\":\"https:\/\/buergerverein-bad-duerkheim.de\/#website\",\"url\":\"https:\/\/buergerverein-bad-duerkheim.de\/\",\"name\":\"B\u00fcrgerverein Bad D\u00fcrkheim e.V.\",\"description\":\"B\u00fcrger helfen B\u00fcrgern\",\"potentialAction\":[{\"@type\":\"SearchAction\",\"target\":{\"@type\":\"EntryPoint\",\"urlTemplate\":\"https:\/\/buergerverein-bad-duerkheim.de\/?s={search_term_string}\"},\"query-input\":{\"@type\":\"PropertyValueSpecification\",\"valueRequired\":true,\"valueName\":\"search_term_string\"}}],\"inLanguage\":\"de\"},{\"@type\":\"Person\",\"@id\":\"https:\/\/buergerverein-bad-duerkheim.de\/#\/schema\/person\/59a85e0ebd8417b06859c841840d8448\",\"name\":\"horstbauml\",\"image\":{\"@type\":\"ImageObject\",\"inLanguage\":\"de\",\"@id\":\"https:\/\/buergerverein-bad-duerkheim.de\/#\/schema\/person\/image\/\",\"url\":\"https:\/\/secure.gravatar.com\/avatar\/acf1b24ffe4ca21c22442dfae71c15c21751a79575ed2bb6920c77162379e00f?s=96&d=mm&r=g\",\"contentUrl\":\"https:\/\/secure.gravatar.com\/avatar\/acf1b24ffe4ca21c22442dfae71c15c21751a79575ed2bb6920c77162379e00f?s=96&d=mm&r=g\",\"caption\":\"horstbauml\"},\"url\":\"https:\/\/buergerverein-bad-duerkheim.de\/index.php\/author\/horstbauml\/\"}]}<\/script>\n<!-- \/ Yoast SEO plugin. -->","yoast_head_json":{"title":"Seminar - \"Mobil bleiben mit Bus und Bahn\" - 24. Juni 2025 - B\u00fcrgerverein Bad D\u00fcrkheim e.V.","robots":{"index":"index","follow":"follow","max-snippet":"max-snippet:-1","max-image-preview":"max-image-preview:large","max-video-preview":"max-video-preview:-1"},"canonical":"https:\/\/buergerverein-bad-duerkheim.de\/index.php\/2025\/06\/26\/seminar-mobil-bleiben-mit-bus-und-bahn\/","og_locale":"de_DE","og_type":"article","og_title":"Seminar - \"Mobil bleiben mit Bus und Bahn\" - 24. Juni 2025 - B\u00fcrgerverein Bad D\u00fcrkheim e.V.","og_description":"Der B\u00fcrgerverein Bad D\u00fcrkheim e.V. setzt sich daf\u00fcr ein, dass \u00e4ltere Menschen m\u00f6glichst lange mobil bleiben und sich aktiv am Leben beteiligen k\u00f6nnen. Deshalb hat der Verein am 24.06.2025 ein [&hellip;]","og_url":"https:\/\/buergerverein-bad-duerkheim.de\/index.php\/2025\/06\/26\/seminar-mobil-bleiben-mit-bus-und-bahn\/","og_site_name":"B\u00fcrgerverein Bad D\u00fcrkheim e.V.","article_published_time":"2025-06-26T10:50:57+00:00","article_modified_time":"2025-06-26T11:01:11+00:00","og_image":[{"width":2560,"height":2258,"url":"https:\/\/buergerverein-bad-duerkheim.de\/wp-content\/uploads\/2025\/06\/20250624_160914_crp-scaled.jpg","type":"image\/jpeg"}],"author":"horstbauml","twitter_card":"summary_large_image","twitter_misc":{"Verfasst von":"horstbauml","Gesch\u00e4tzte Lesezeit":"3\u00a0Minuten"},"schema":{"@context":"https:\/\/schema.org","@graph":[{"@type":"WebPage","@id":"https:\/\/buergerverein-bad-duerkheim.de\/index.php\/2025\/06\/26\/seminar-mobil-bleiben-mit-bus-und-bahn\/","url":"https:\/\/buergerverein-bad-duerkheim.de\/index.php\/2025\/06\/26\/seminar-mobil-bleiben-mit-bus-und-bahn\/","name":"Seminar - \"Mobil bleiben mit Bus und Bahn\" - 24. Juni 2025 - B\u00fcrgerverein Bad D\u00fcrkheim e.V.","isPartOf":{"@id":"https:\/\/buergerverein-bad-duerkheim.de\/#website"},"primaryImageOfPage":{"@id":"https:\/\/buergerverein-bad-duerkheim.de\/index.php\/2025\/06\/26\/seminar-mobil-bleiben-mit-bus-und-bahn\/#primaryimage"},"image":{"@id":"https:\/\/buergerverein-bad-duerkheim.de\/index.php\/2025\/06\/26\/seminar-mobil-bleiben-mit-bus-und-bahn\/#primaryimage"},"thumbnailUrl":"https:\/\/buergerverein-bad-duerkheim.de\/wp-content\/uploads\/2025\/06\/20250624_160914_crp-scaled.jpg","datePublished":"2025-06-26T10:50:57+00:00","dateModified":"2025-06-26T11:01:11+00:00","author":{"@id":"https:\/\/buergerverein-bad-duerkheim.de\/#\/schema\/person\/59a85e0ebd8417b06859c841840d8448"},"breadcrumb":{"@id":"https:\/\/buergerverein-bad-duerkheim.de\/index.php\/2025\/06\/26\/seminar-mobil-bleiben-mit-bus-und-bahn\/#breadcrumb"},"inLanguage":"de","potentialAction":[{"@type":"ReadAction","target":["https:\/\/buergerverein-bad-duerkheim.de\/index.php\/2025\/06\/26\/seminar-mobil-bleiben-mit-bus-und-bahn\/"]}]},{"@type":"ImageObject","inLanguage":"de","@id":"https:\/\/buergerverein-bad-duerkheim.de\/index.php\/2025\/06\/26\/seminar-mobil-bleiben-mit-bus-und-bahn\/#primaryimage","url":"https:\/\/buergerverein-bad-duerkheim.de\/wp-content\/uploads\/2025\/06\/20250624_160914_crp-scaled.jpg","contentUrl":"https:\/\/buergerverein-bad-duerkheim.de\/wp-content\/uploads\/2025\/06\/20250624_160914_crp-scaled.jpg","width":2560,"height":2258},{"@type":"BreadcrumbList","@id":"https:\/\/buergerverein-bad-duerkheim.de\/index.php\/2025\/06\/26\/seminar-mobil-bleiben-mit-bus-und-bahn\/#breadcrumb","itemListElement":[{"@type":"ListItem","position":1,"name":"Startseite","item":"https:\/\/buergerverein-bad-duerkheim.de\/"},{"@type":"ListItem","position":2,"name":"Seminar &#8211; &#8222;Mobil bleiben mit Bus und Bahn&#8220; &#8211; 24. Juni 2025"}]},{"@type":"WebSite","@id":"https:\/\/buergerverein-bad-duerkheim.de\/#website","url":"https:\/\/buergerverein-bad-duerkheim.de\/","name":"B\u00fcrgerverein Bad D\u00fcrkheim e.V.","description":"B\u00fcrger helfen B\u00fcrgern","potentialAction":[{"@type":"SearchAction","target":{"@type":"EntryPoint","urlTemplate":"https:\/\/buergerverein-bad-duerkheim.de\/?s={search_term_string}"},"query-input":{"@type":"PropertyValueSpecification","valueRequired":true,"valueName":"search_term_string"}}],"inLanguage":"de"},{"@type":"Person","@id":"https:\/\/buergerverein-bad-duerkheim.de\/#\/schema\/person\/59a85e0ebd8417b06859c841840d8448","name":"horstbauml","image":{"@type":"ImageObject","inLanguage":"de","@id":"https:\/\/buergerverein-bad-duerkheim.de\/#\/schema\/person\/image\/","url":"https:\/\/secure.gravatar.com\/avatar\/acf1b24ffe4ca21c22442dfae71c15c21751a79575ed2bb6920c77162379e00f?s=96&d=mm&r=g","contentUrl":"https:\/\/secure.gravatar.com\/avatar\/acf1b24ffe4ca21c22442dfae71c15c21751a79575ed2bb6920c77162379e00f?s=96&d=mm&r=g","caption":"horstbauml"},"url":"https:\/\/buergerverein-bad-duerkheim.de\/index.php\/author\/horstbauml\/"}]}},"_links":{"self":[{"href":"https:\/\/buergerverein-bad-duerkheim.de\/index.php\/wp-json\/wp\/v2\/posts\/611","targetHints":{"allow":["GET"]}}],"collection":[{"href":"https:\/\/buergerverein-bad-duerkheim.de\/index.php\/wp-json\/wp\/v2\/posts"}],"about":[{"href":"https:\/\/buergerverein-bad-duerkheim.de\/index.php\/wp-json\/wp\/v2\/types\/post"}],"author":[{"embeddable":true,"href":"https:\/\/buergerverein-bad-duerkheim.de\/index.php\/wp-json\/wp\/v2\/users\/2"}],"replies":[{"embeddable":true,"href":"https:\/\/buergerverein-bad-duerkheim.de\/index.php\/wp-json\/wp\/v2\/comments?post=611"}],"version-history":[{"count":3,"href":"https:\/\/buergerverein-bad-duerkheim.de\/index.php\/wp-json\/wp\/v2\/posts\/611\/revisions"}],"predecessor-version":[{"id":618,"href":"https:\/\/buergerverein-bad-duerkheim.de\/index.php\/wp-json\/wp\/v2\/posts\/611\/revisions\/618"}],"wp:featuredmedia":[{"embeddable":true,"href":"https:\/\/buergerverein-bad-duerkheim.de\/index.php\/wp-json\/wp\/v2\/media\/612"}],"wp:attachment":[{"href":"https:\/\/buergerverein-bad-duerkheim.de\/index.php\/wp-json\/wp\/v2\/media?parent=611"}],"wp:term":[{"taxonomy":"category","embeddable":true,"href":"https:\/\/buergerverein-bad-duerkheim.de\/index.php\/wp-json\/wp\/v2\/categories?post=611"},{"taxonomy":"post_tag","embeddable":true,"href":"https:\/\/buergerverein-bad-duerkheim.de\/index.php\/wp-json\/wp\/v2\/tags?post=611"}],"curies":[{"name":"wp","href":"https:\/\/api.w.org\/{rel}","templated":true}]}}