{"id":748,"date":"2025-11-05T15:07:12","date_gmt":"2025-11-05T15:07:12","guid":{"rendered":"https:\/\/buergerverein-bad-duerkheim.de\/?p=748"},"modified":"2025-11-05T15:08:37","modified_gmt":"2025-11-05T15:08:37","slug":"der-seniorenbus-faehrt-jetzt-auch-mittwochs-8-uhr-bis-13-uhr","status":"publish","type":"post","link":"https:\/\/buergerverein-bad-duerkheim.de\/index.php\/2025\/11\/05\/der-seniorenbus-faehrt-jetzt-auch-mittwochs-8-uhr-bis-13-uhr\/","title":{"rendered":"Der Seniorenbus f\u00e4hrt jetzt auch mittwochs von 8 Uhr bis 13 Uhr"},"content":{"rendered":"\n<p>Seit heute f\u00e4hrt der Seniorenbus auch jeden Mittwoch von 8 Uhr bis 13 Uhr. Gerhard R\u00fcgauf als Fahrer und Dr. Cornelia Stump als Beifahrerin hatten gleich bei der ersten Mittwoch-Fahrt gut zu tun.<\/p>\n\n\n\n<p><\/p>\n","protected":false},"excerpt":{"rendered":"<p>Seit heute f\u00e4hrt der Seniorenbus auch jeden Mittwoch von 8 Uhr bis 13 Uhr. Gerhard R\u00fcgauf als Fahrer und Dr. Cornelia Stump als Beifahrerin hatten gleich bei der ersten Mittwoch-Fahrt [&hellip;]<\/p>\n","protected":false},"author":-1,"featured_media":749,"comment_status":"closed","ping_status":"open","sticky":false,"template":"","format":"standard","meta":{"footnotes":""},"categories":[1],"tags":[],"class_list":["post-748","post","type-post","status-publish","format-standard","has-post-thumbnail","hentry","category-uncategorized"],"yoast_head":"<!-- This site is optimized with the Yoast SEO plugin v24.2 - https:\/\/yoast.com\/wordpress\/plugins\/seo\/ -->\n<title>Der Seniorenbus f\u00e4hrt jetzt auch mittwochs von 8 Uhr bis 13 Uhr - B\u00fcrgerverein Bad D\u00fcrkheim e.V.<\/title>\n<meta name=\"robots\" content=\"index, follow, max-snippet:-1, max-image-preview:large, max-video-preview:-1\" \/>\n<link rel=\"canonical\" href=\"https:\/\/buergerverein-bad-duerkheim.de\/index.php\/2025\/11\/05\/der-seniorenbus-faehrt-jetzt-auch-mittwochs-8-uhr-bis-13-uhr\/\" \/>\n<meta property=\"og:locale\" content=\"de_DE\" \/>\n<meta property=\"og:type\" content=\"article\" \/>\n<meta property=\"og:title\" content=\"Der Seniorenbus f\u00e4hrt jetzt auch mittwochs von 8 Uhr bis 13 Uhr - B\u00fcrgerverein Bad D\u00fcrkheim e.V.\" \/>\n<meta property=\"og:description\" content=\"Seit heute f\u00e4hrt der Seniorenbus auch jeden Mittwoch von 8 Uhr bis 13 Uhr. Gerhard R\u00fcgauf als Fahrer und Dr. Cornelia Stump als Beifahrerin hatten gleich bei der ersten Mittwoch-Fahrt [&hellip;]\" \/>\n<meta property=\"og:url\" content=\"https:\/\/buergerverein-bad-duerkheim.de\/index.php\/2025\/11\/05\/der-seniorenbus-faehrt-jetzt-auch-mittwochs-8-uhr-bis-13-uhr\/\" \/>\n<meta property=\"og:site_name\" content=\"B\u00fcrgerverein Bad D\u00fcrkheim e.V.\" \/>\n<meta property=\"article:published_time\" content=\"2025-11-05T15:07:12+00:00\" \/>\n<meta property=\"article:modified_time\" content=\"2025-11-05T15:08:37+00:00\" \/>\n<meta property=\"og:image\" content=\"https:\/\/buergerverein-bad-duerkheim.de\/wp-content\/uploads\/2025\/11\/Kopie-von-Ausweitung-Angebot.png\" \/>\n\t<meta property=\"og:image:width\" content=\"1080\" \/>\n\t<meta property=\"og:image:height\" content=\"1080\" \/>\n\t<meta property=\"og:image:type\" content=\"image\/png\" \/>\n<meta name=\"author\" content=\"horstbauml\" \/>\n<meta name=\"twitter:card\" content=\"summary_large_image\" \/>\n<meta name=\"twitter:label1\" content=\"Verfasst von\" \/>\n\t<meta name=\"twitter:data1\" content=\"horstbauml\" \/>\n\t<meta name=\"twitter:label2\" content=\"Gesch\u00e4tzte Lesezeit\" \/>\n\t<meta name=\"twitter:data2\" content=\"1\u00a0Minute\" \/>\n<script type=\"application\/ld+json\" class=\"yoast-schema-graph\">{\"@context\":\"https:\/\/schema.org\",\"@graph\":[{\"@type\":\"WebPage\",\"@id\":\"https:\/\/buergerverein-bad-duerkheim.de\/index.php\/2025\/11\/05\/der-seniorenbus-faehrt-jetzt-auch-mittwochs-8-uhr-bis-13-uhr\/\",\"url\":\"https:\/\/buergerverein-bad-duerkheim.de\/index.php\/2025\/11\/05\/der-seniorenbus-faehrt-jetzt-auch-mittwochs-8-uhr-bis-13-uhr\/\",\"name\":\"Der Seniorenbus f\u00e4hrt jetzt auch mittwochs von 8 Uhr bis 13 Uhr - B\u00fcrgerverein Bad D\u00fcrkheim e.V.\",\"isPartOf\":{\"@id\":\"https:\/\/buergerverein-bad-duerkheim.de\/#website\"},\"primaryImageOfPage\":{\"@id\":\"https:\/\/buergerverein-bad-duerkheim.de\/index.php\/2025\/11\/05\/der-seniorenbus-faehrt-jetzt-auch-mittwochs-8-uhr-bis-13-uhr\/#primaryimage\"},\"image\":{\"@id\":\"https:\/\/buergerverein-bad-duerkheim.de\/index.php\/2025\/11\/05\/der-seniorenbus-faehrt-jetzt-auch-mittwochs-8-uhr-bis-13-uhr\/#primaryimage\"},\"thumbnailUrl\":\"https:\/\/buergerverein-bad-duerkheim.de\/wp-content\/uploads\/2025\/11\/Kopie-von-Ausweitung-Angebot.png\",\"datePublished\":\"2025-11-05T15:07:12+00:00\",\"dateModified\":\"2025-11-05T15:08:37+00:00\",\"author\":{\"@id\":\"https:\/\/buergerverein-bad-duerkheim.de\/#\/schema\/person\/59a85e0ebd8417b06859c841840d8448\"},\"breadcrumb\":{\"@id\":\"https:\/\/buergerverein-bad-duerkheim.de\/index.php\/2025\/11\/05\/der-seniorenbus-faehrt-jetzt-auch-mittwochs-8-uhr-bis-13-uhr\/#breadcrumb\"},\"inLanguage\":\"de\",\"potentialAction\":[{\"@type\":\"ReadAction\",\"target\":[\"https:\/\/buergerverein-bad-duerkheim.de\/index.php\/2025\/11\/05\/der-seniorenbus-faehrt-jetzt-auch-mittwochs-8-uhr-bis-13-uhr\/\"]}]},{\"@type\":\"ImageObject\",\"inLanguage\":\"de\",\"@id\":\"https:\/\/buergerverein-bad-duerkheim.de\/index.php\/2025\/11\/05\/der-seniorenbus-faehrt-jetzt-auch-mittwochs-8-uhr-bis-13-uhr\/#primaryimage\",\"url\":\"https:\/\/buergerverein-bad-duerkheim.de\/wp-content\/uploads\/2025\/11\/Kopie-von-Ausweitung-Angebot.png\",\"contentUrl\":\"https:\/\/buergerverein-bad-duerkheim.de\/wp-content\/uploads\/2025\/11\/Kopie-von-Ausweitung-Angebot.png\",\"width\":1080,\"height\":1080},{\"@type\":\"BreadcrumbList\",\"@id\":\"https:\/\/buergerverein-bad-duerkheim.de\/index.php\/2025\/11\/05\/der-seniorenbus-faehrt-jetzt-auch-mittwochs-8-uhr-bis-13-uhr\/#breadcrumb\",\"itemListElement\":[{\"@type\":\"ListItem\",\"position\":1,\"name\":\"Startseite\",\"item\":\"https:\/\/buergerverein-bad-duerkheim.de\/\"},{\"@type\":\"ListItem\",\"position\":2,\"name\":\"Der Seniorenbus f\u00e4hrt jetzt auch mittwochs von 8 Uhr bis 13 Uhr\"}]},{\"@type\":\"WebSite\",\"@id\":\"https:\/\/buergerverein-bad-duerkheim.de\/#website\",\"url\":\"https:\/\/buergerverein-bad-duerkheim.de\/\",\"name\":\"B\u00fcrgerverein Bad D\u00fcrkheim e.V.\",\"description\":\"B\u00fcrger helfen B\u00fcrgern\",\"potentialAction\":[{\"@type\":\"SearchAction\",\"target\":{\"@type\":\"EntryPoint\",\"urlTemplate\":\"https:\/\/buergerverein-bad-duerkheim.de\/?s={search_term_string}\"},\"query-input\":{\"@type\":\"PropertyValueSpecification\",\"valueRequired\":true,\"valueName\":\"search_term_string\"}}],\"inLanguage\":\"de\"},{\"@type\":\"Person\",\"@id\":\"https:\/\/buergerverein-bad-duerkheim.de\/#\/schema\/person\/59a85e0ebd8417b06859c841840d8448\",\"name\":\"horstbauml\",\"image\":{\"@type\":\"ImageObject\",\"inLanguage\":\"de\",\"@id\":\"https:\/\/buergerverein-bad-duerkheim.de\/#\/schema\/person\/image\/\",\"url\":\"https:\/\/secure.gravatar.com\/avatar\/acf1b24ffe4ca21c22442dfae71c15c21751a79575ed2bb6920c77162379e00f?s=96&d=mm&r=g\",\"contentUrl\":\"https:\/\/secure.gravatar.com\/avatar\/acf1b24ffe4ca21c22442dfae71c15c21751a79575ed2bb6920c77162379e00f?s=96&d=mm&r=g\",\"caption\":\"horstbauml\"},\"url\":\"https:\/\/buergerverein-bad-duerkheim.de\/index.php\/author\/horstbauml\/\"}]}<\/script>\n<!-- \/ Yoast SEO plugin. -->","yoast_head_json":{"title":"Der Seniorenbus f\u00e4hrt jetzt auch mittwochs von 8 Uhr bis 13 Uhr - B\u00fcrgerverein Bad D\u00fcrkheim e.V.","robots":{"index":"index","follow":"follow","max-snippet":"max-snippet:-1","max-image-preview":"max-image-preview:large","max-video-preview":"max-video-preview:-1"},"canonical":"https:\/\/buergerverein-bad-duerkheim.de\/index.php\/2025\/11\/05\/der-seniorenbus-faehrt-jetzt-auch-mittwochs-8-uhr-bis-13-uhr\/","og_locale":"de_DE","og_type":"article","og_title":"Der Seniorenbus f\u00e4hrt jetzt auch mittwochs von 8 Uhr bis 13 Uhr - B\u00fcrgerverein Bad D\u00fcrkheim e.V.","og_description":"Seit heute f\u00e4hrt der Seniorenbus auch jeden Mittwoch von 8 Uhr bis 13 Uhr. Gerhard R\u00fcgauf als Fahrer und Dr. Cornelia Stump als Beifahrerin hatten gleich bei der ersten Mittwoch-Fahrt [&hellip;]","og_url":"https:\/\/buergerverein-bad-duerkheim.de\/index.php\/2025\/11\/05\/der-seniorenbus-faehrt-jetzt-auch-mittwochs-8-uhr-bis-13-uhr\/","og_site_name":"B\u00fcrgerverein Bad D\u00fcrkheim e.V.","article_published_time":"2025-11-05T15:07:12+00:00","article_modified_time":"2025-11-05T15:08:37+00:00","og_image":[{"width":1080,"height":1080,"url":"https:\/\/buergerverein-bad-duerkheim.de\/wp-content\/uploads\/2025\/11\/Kopie-von-Ausweitung-Angebot.png","type":"image\/png"}],"author":"horstbauml","twitter_card":"summary_large_image","twitter_misc":{"Verfasst von":"horstbauml","Gesch\u00e4tzte Lesezeit":"1\u00a0Minute"},"schema":{"@context":"https:\/\/schema.org","@graph":[{"@type":"WebPage","@id":"https:\/\/buergerverein-bad-duerkheim.de\/index.php\/2025\/11\/05\/der-seniorenbus-faehrt-jetzt-auch-mittwochs-8-uhr-bis-13-uhr\/","url":"https:\/\/buergerverein-bad-duerkheim.de\/index.php\/2025\/11\/05\/der-seniorenbus-faehrt-jetzt-auch-mittwochs-8-uhr-bis-13-uhr\/","name":"Der Seniorenbus f\u00e4hrt jetzt auch mittwochs von 8 Uhr bis 13 Uhr - B\u00fcrgerverein Bad D\u00fcrkheim e.V.","isPartOf":{"@id":"https:\/\/buergerverein-bad-duerkheim.de\/#website"},"primaryImageOfPage":{"@id":"https:\/\/buergerverein-bad-duerkheim.de\/index.php\/2025\/11\/05\/der-seniorenbus-faehrt-jetzt-auch-mittwochs-8-uhr-bis-13-uhr\/#primaryimage"},"image":{"@id":"https:\/\/buergerverein-bad-duerkheim.de\/index.php\/2025\/11\/05\/der-seniorenbus-faehrt-jetzt-auch-mittwochs-8-uhr-bis-13-uhr\/#primaryimage"},"thumbnailUrl":"https:\/\/buergerverein-bad-duerkheim.de\/wp-content\/uploads\/2025\/11\/Kopie-von-Ausweitung-Angebot.png","datePublished":"2025-11-05T15:07:12+00:00","dateModified":"2025-11-05T15:08:37+00:00","author":{"@id":"https:\/\/buergerverein-bad-duerkheim.de\/#\/schema\/person\/59a85e0ebd8417b06859c841840d8448"},"breadcrumb":{"@id":"https:\/\/buergerverein-bad-duerkheim.de\/index.php\/2025\/11\/05\/der-seniorenbus-faehrt-jetzt-auch-mittwochs-8-uhr-bis-13-uhr\/#breadcrumb"},"inLanguage":"de","potentialAction":[{"@type":"ReadAction","target":["https:\/\/buergerverein-bad-duerkheim.de\/index.php\/2025\/11\/05\/der-seniorenbus-faehrt-jetzt-auch-mittwochs-8-uhr-bis-13-uhr\/"]}]},{"@type":"ImageObject","inLanguage":"de","@id":"https:\/\/buergerverein-bad-duerkheim.de\/index.php\/2025\/11\/05\/der-seniorenbus-faehrt-jetzt-auch-mittwochs-8-uhr-bis-13-uhr\/#primaryimage","url":"https:\/\/buergerverein-bad-duerkheim.de\/wp-content\/uploads\/2025\/11\/Kopie-von-Ausweitung-Angebot.png","contentUrl":"https:\/\/buergerverein-bad-duerkheim.de\/wp-content\/uploads\/2025\/11\/Kopie-von-Ausweitung-Angebot.png","width":1080,"height":1080},{"@type":"BreadcrumbList","@id":"https:\/\/buergerverein-bad-duerkheim.de\/index.php\/2025\/11\/05\/der-seniorenbus-faehrt-jetzt-auch-mittwochs-8-uhr-bis-13-uhr\/#breadcrumb","itemListElement":[{"@type":"ListItem","position":1,"name":"Startseite","item":"https:\/\/buergerverein-bad-duerkheim.de\/"},{"@type":"ListItem","position":2,"name":"Der Seniorenbus f\u00e4hrt jetzt auch mittwochs von 8 Uhr bis 13 Uhr"}]},{"@type":"WebSite","@id":"https:\/\/buergerverein-bad-duerkheim.de\/#website","url":"https:\/\/buergerverein-bad-duerkheim.de\/","name":"B\u00fcrgerverein Bad D\u00fcrkheim e.V.","description":"B\u00fcrger helfen B\u00fcrgern","potentialAction":[{"@type":"SearchAction","target":{"@type":"EntryPoint","urlTemplate":"https:\/\/buergerverein-bad-duerkheim.de\/?s={search_term_string}"},"query-input":{"@type":"PropertyValueSpecification","valueRequired":true,"valueName":"search_term_string"}}],"inLanguage":"de"},{"@type":"Person","@id":"https:\/\/buergerverein-bad-duerkheim.de\/#\/schema\/person\/59a85e0ebd8417b06859c841840d8448","name":"horstbauml","image":{"@type":"ImageObject","inLanguage":"de","@id":"https:\/\/buergerverein-bad-duerkheim.de\/#\/schema\/person\/image\/","url":"https:\/\/secure.gravatar.com\/avatar\/acf1b24ffe4ca21c22442dfae71c15c21751a79575ed2bb6920c77162379e00f?s=96&d=mm&r=g","contentUrl":"https:\/\/secure.gravatar.com\/avatar\/acf1b24ffe4ca21c22442dfae71c15c21751a79575ed2bb6920c77162379e00f?s=96&d=mm&r=g","caption":"horstbauml"},"url":"https:\/\/buergerverein-bad-duerkheim.de\/index.php\/author\/horstbauml\/"}]}},"_links":{"self":[{"href":"https:\/\/buergerverein-bad-duerkheim.de\/index.php\/wp-json\/wp\/v2\/posts\/748","targetHints":{"allow":["GET"]}}],"collection":[{"href":"https:\/\/buergerverein-bad-duerkheim.de\/index.php\/wp-json\/wp\/v2\/posts"}],"about":[{"href":"https:\/\/buergerverein-bad-duerkheim.de\/index.php\/wp-json\/wp\/v2\/types\/post"}],"author":[{"embeddable":true,"href":"https:\/\/buergerverein-bad-duerkheim.de\/index.php\/wp-json\/wp\/v2\/users\/2"}],"replies":[{"embeddable":true,"href":"https:\/\/buergerverein-bad-duerkheim.de\/index.php\/wp-json\/wp\/v2\/comments?post=748"}],"version-history":[{"count":2,"href":"https:\/\/buergerverein-bad-duerkheim.de\/index.php\/wp-json\/wp\/v2\/posts\/748\/revisions"}],"predecessor-version":[{"id":751,"href":"https:\/\/buergerverein-bad-duerkheim.de\/index.php\/wp-json\/wp\/v2\/posts\/748\/revisions\/751"}],"wp:featuredmedia":[{"embeddable":true,"href":"https:\/\/buergerverein-bad-duerkheim.de\/index.php\/wp-json\/wp\/v2\/media\/749"}],"wp:attachment":[{"href":"https:\/\/buergerverein-bad-duerkheim.de\/index.php\/wp-json\/wp\/v2\/media?parent=748"}],"wp:term":[{"taxonomy":"category","embeddable":true,"href":"https:\/\/buergerverein-bad-duerkheim.de\/index.php\/wp-json\/wp\/v2\/categories?post=748"},{"taxonomy":"post_tag","embeddable":true,"href":"https:\/\/buergerverein-bad-duerkheim.de\/index.php\/wp-json\/wp\/v2\/tags?post=748"}],"curies":[{"name":"wp","href":"https:\/\/api.w.org\/{rel}","templated":true}]}}