{"id":753,"date":"2025-11-10T20:55:28","date_gmt":"2025-11-10T20:55:28","guid":{"rendered":"https:\/\/buergerverein-bad-duerkheim.de\/?p=753"},"modified":"2025-11-10T20:56:33","modified_gmt":"2025-11-10T20:56:33","slug":"fuer-den-notfall-der-hoffentlich-nie-eintreten-wird-vorbereitet-sein","status":"publish","type":"post","link":"https:\/\/buergerverein-bad-duerkheim.de\/index.php\/2025\/11\/10\/fuer-den-notfall-der-hoffentlich-nie-eintreten-wird-vorbereitet-sein\/","title":{"rendered":"F\u00fcr den Notfall, der hoffentlich nie eintreten wird, vorbereitet sein"},"content":{"rendered":"\n<p>Um auf Notf\u00e4lle vorbereitet zu sein, haben wir einen Erste-Hilfe-Kurs beim DRK Bad D\u00fcrkheim absolviert. Vielen Dank an das DRK f\u00fcr das kompetente Training. Und es hat allen Teilnehmerinnen und Teilnehmern Spa\u00df gemacht. Wir planen gerade den zweiten Kurs f\u00fcr Fahrer*innen und Beifahrer*innen des Seniorenbusses.<\/p>\n\n\n\n<p><a href=\"http:\/\/www.buergerverein-bad-duerkheim.de\/?fbclid=IwZXh0bgNhZW0CMTAAYnJpZBEwaEFHTlJkVGRadjhDOEo2SnNydGMGYXBwX2lkEDIyMjAzOTE3ODgyMDA4OTIAAR4QbncccN4jiM4KsoPuWumS8ezdANO-2Wp5Mx15sZ63ftYa3iA5DqPZ2WknXQ_aem_pw2BZEP-ty2pHNeo-l9pAg\" rel=\"noreferrer noopener\" target=\"_blank\">www.buergerverein-bad-duerkheim.de<\/a><\/p>\n\n\n\n<p><a href=\"https:\/\/www.facebook.com\/hashtag\/seniorenbus?__eep__=6&amp;__cft__[0]=AZWB-9H3HoMkees1AxGvWw8pKF9phksbiII0d0QEDJNYidREpCnbSD4mJ4ocCLLt4vq5MygevwcWEGgoZtrffSgjtOzSu7EF80c8If-rpVqt4cOi-drLE2DPLdyCzR_EInY&amp;__tn__=*NK-R\">#seniorenbus<\/a><\/p>\n\n\n\n<p><a href=\"https:\/\/www.facebook.com\/hashtag\/buergerbus?__eep__=6&amp;__cft__[0]=AZWB-9H3HoMkees1AxGvWw8pKF9phksbiII0d0QEDJNYidREpCnbSD4mJ4ocCLLt4vq5MygevwcWEGgoZtrffSgjtOzSu7EF80c8If-rpVqt4cOi-drLE2DPLdyCzR_EInY&amp;__tn__=*NK-R\">#Buergerbus<\/a><\/p>\n","protected":false},"excerpt":{"rendered":"<p>Um auf Notf\u00e4lle vorbereitet zu sein, haben wir einen Erste-Hilfe-Kurs beim DRK Bad D\u00fcrkheim absolviert. Vielen Dank an das DRK f\u00fcr das kompetente Training. Und es hat allen Teilnehmerinnen und [&hellip;]<\/p>\n","protected":false},"author":-1,"featured_media":756,"comment_status":"closed","ping_status":"open","sticky":false,"template":"","format":"standard","meta":{"footnotes":""},"categories":[1],"tags":[],"class_list":["post-753","post","type-post","status-publish","format-standard","has-post-thumbnail","hentry","category-uncategorized"],"yoast_head":"<!-- This site is optimized with the Yoast SEO plugin v24.2 - https:\/\/yoast.com\/wordpress\/plugins\/seo\/ -->\n<title>F\u00fcr den Notfall, der hoffentlich nie eintreten wird, vorbereitet sein - B\u00fcrgerverein Bad D\u00fcrkheim e.V.<\/title>\n<meta name=\"robots\" content=\"index, follow, max-snippet:-1, max-image-preview:large, max-video-preview:-1\" \/>\n<link rel=\"canonical\" href=\"https:\/\/buergerverein-bad-duerkheim.de\/index.php\/2025\/11\/10\/fuer-den-notfall-der-hoffentlich-nie-eintreten-wird-vorbereitet-sein\/\" \/>\n<meta property=\"og:locale\" content=\"de_DE\" \/>\n<meta property=\"og:type\" content=\"article\" \/>\n<meta property=\"og:title\" content=\"F\u00fcr den Notfall, der hoffentlich nie eintreten wird, vorbereitet sein - B\u00fcrgerverein Bad D\u00fcrkheim e.V.\" \/>\n<meta property=\"og:description\" content=\"Um auf Notf\u00e4lle vorbereitet zu sein, haben wir einen Erste-Hilfe-Kurs beim DRK Bad D\u00fcrkheim absolviert. Vielen Dank an das DRK f\u00fcr das kompetente Training. Und es hat allen Teilnehmerinnen und [&hellip;]\" \/>\n<meta property=\"og:url\" content=\"https:\/\/buergerverein-bad-duerkheim.de\/index.php\/2025\/11\/10\/fuer-den-notfall-der-hoffentlich-nie-eintreten-wird-vorbereitet-sein\/\" \/>\n<meta property=\"og:site_name\" content=\"B\u00fcrgerverein Bad D\u00fcrkheim e.V.\" \/>\n<meta property=\"article:published_time\" content=\"2025-11-10T20:55:28+00:00\" \/>\n<meta property=\"article:modified_time\" content=\"2025-11-10T20:56:33+00:00\" \/>\n<meta property=\"og:image\" content=\"https:\/\/buergerverein-bad-duerkheim.de\/wp-content\/uploads\/2025\/11\/1.png\" \/>\n\t<meta property=\"og:image:width\" content=\"1080\" \/>\n\t<meta property=\"og:image:height\" content=\"1080\" \/>\n\t<meta property=\"og:image:type\" content=\"image\/png\" \/>\n<meta name=\"author\" content=\"horstbauml\" \/>\n<meta name=\"twitter:card\" content=\"summary_large_image\" \/>\n<meta name=\"twitter:label1\" content=\"Verfasst von\" \/>\n\t<meta name=\"twitter:data1\" content=\"horstbauml\" \/>\n\t<meta name=\"twitter:label2\" content=\"Gesch\u00e4tzte Lesezeit\" \/>\n\t<meta name=\"twitter:data2\" content=\"1\u00a0Minute\" \/>\n<script type=\"application\/ld+json\" class=\"yoast-schema-graph\">{\"@context\":\"https:\/\/schema.org\",\"@graph\":[{\"@type\":\"WebPage\",\"@id\":\"https:\/\/buergerverein-bad-duerkheim.de\/index.php\/2025\/11\/10\/fuer-den-notfall-der-hoffentlich-nie-eintreten-wird-vorbereitet-sein\/\",\"url\":\"https:\/\/buergerverein-bad-duerkheim.de\/index.php\/2025\/11\/10\/fuer-den-notfall-der-hoffentlich-nie-eintreten-wird-vorbereitet-sein\/\",\"name\":\"F\u00fcr den Notfall, der hoffentlich nie eintreten wird, vorbereitet sein - B\u00fcrgerverein Bad D\u00fcrkheim e.V.\",\"isPartOf\":{\"@id\":\"https:\/\/buergerverein-bad-duerkheim.de\/#website\"},\"primaryImageOfPage\":{\"@id\":\"https:\/\/buergerverein-bad-duerkheim.de\/index.php\/2025\/11\/10\/fuer-den-notfall-der-hoffentlich-nie-eintreten-wird-vorbereitet-sein\/#primaryimage\"},\"image\":{\"@id\":\"https:\/\/buergerverein-bad-duerkheim.de\/index.php\/2025\/11\/10\/fuer-den-notfall-der-hoffentlich-nie-eintreten-wird-vorbereitet-sein\/#primaryimage\"},\"thumbnailUrl\":\"https:\/\/buergerverein-bad-duerkheim.de\/wp-content\/uploads\/2025\/11\/1.png\",\"datePublished\":\"2025-11-10T20:55:28+00:00\",\"dateModified\":\"2025-11-10T20:56:33+00:00\",\"author\":{\"@id\":\"https:\/\/buergerverein-bad-duerkheim.de\/#\/schema\/person\/59a85e0ebd8417b06859c841840d8448\"},\"breadcrumb\":{\"@id\":\"https:\/\/buergerverein-bad-duerkheim.de\/index.php\/2025\/11\/10\/fuer-den-notfall-der-hoffentlich-nie-eintreten-wird-vorbereitet-sein\/#breadcrumb\"},\"inLanguage\":\"de\",\"potentialAction\":[{\"@type\":\"ReadAction\",\"target\":[\"https:\/\/buergerverein-bad-duerkheim.de\/index.php\/2025\/11\/10\/fuer-den-notfall-der-hoffentlich-nie-eintreten-wird-vorbereitet-sein\/\"]}]},{\"@type\":\"ImageObject\",\"inLanguage\":\"de\",\"@id\":\"https:\/\/buergerverein-bad-duerkheim.de\/index.php\/2025\/11\/10\/fuer-den-notfall-der-hoffentlich-nie-eintreten-wird-vorbereitet-sein\/#primaryimage\",\"url\":\"https:\/\/buergerverein-bad-duerkheim.de\/wp-content\/uploads\/2025\/11\/1.png\",\"contentUrl\":\"https:\/\/buergerverein-bad-duerkheim.de\/wp-content\/uploads\/2025\/11\/1.png\",\"width\":1080,\"height\":1080},{\"@type\":\"BreadcrumbList\",\"@id\":\"https:\/\/buergerverein-bad-duerkheim.de\/index.php\/2025\/11\/10\/fuer-den-notfall-der-hoffentlich-nie-eintreten-wird-vorbereitet-sein\/#breadcrumb\",\"itemListElement\":[{\"@type\":\"ListItem\",\"position\":1,\"name\":\"Startseite\",\"item\":\"https:\/\/buergerverein-bad-duerkheim.de\/\"},{\"@type\":\"ListItem\",\"position\":2,\"name\":\"F\u00fcr den Notfall, der hoffentlich nie eintreten wird, vorbereitet sein\"}]},{\"@type\":\"WebSite\",\"@id\":\"https:\/\/buergerverein-bad-duerkheim.de\/#website\",\"url\":\"https:\/\/buergerverein-bad-duerkheim.de\/\",\"name\":\"B\u00fcrgerverein Bad D\u00fcrkheim e.V.\",\"description\":\"B\u00fcrger helfen B\u00fcrgern\",\"potentialAction\":[{\"@type\":\"SearchAction\",\"target\":{\"@type\":\"EntryPoint\",\"urlTemplate\":\"https:\/\/buergerverein-bad-duerkheim.de\/?s={search_term_string}\"},\"query-input\":{\"@type\":\"PropertyValueSpecification\",\"valueRequired\":true,\"valueName\":\"search_term_string\"}}],\"inLanguage\":\"de\"},{\"@type\":\"Person\",\"@id\":\"https:\/\/buergerverein-bad-duerkheim.de\/#\/schema\/person\/59a85e0ebd8417b06859c841840d8448\",\"name\":\"horstbauml\",\"image\":{\"@type\":\"ImageObject\",\"inLanguage\":\"de\",\"@id\":\"https:\/\/buergerverein-bad-duerkheim.de\/#\/schema\/person\/image\/\",\"url\":\"https:\/\/secure.gravatar.com\/avatar\/acf1b24ffe4ca21c22442dfae71c15c21751a79575ed2bb6920c77162379e00f?s=96&d=mm&r=g\",\"contentUrl\":\"https:\/\/secure.gravatar.com\/avatar\/acf1b24ffe4ca21c22442dfae71c15c21751a79575ed2bb6920c77162379e00f?s=96&d=mm&r=g\",\"caption\":\"horstbauml\"},\"url\":\"https:\/\/buergerverein-bad-duerkheim.de\/index.php\/author\/horstbauml\/\"}]}<\/script>\n<!-- \/ Yoast SEO plugin. -->","yoast_head_json":{"title":"F\u00fcr den Notfall, der hoffentlich nie eintreten wird, vorbereitet sein - B\u00fcrgerverein Bad D\u00fcrkheim e.V.","robots":{"index":"index","follow":"follow","max-snippet":"max-snippet:-1","max-image-preview":"max-image-preview:large","max-video-preview":"max-video-preview:-1"},"canonical":"https:\/\/buergerverein-bad-duerkheim.de\/index.php\/2025\/11\/10\/fuer-den-notfall-der-hoffentlich-nie-eintreten-wird-vorbereitet-sein\/","og_locale":"de_DE","og_type":"article","og_title":"F\u00fcr den Notfall, der hoffentlich nie eintreten wird, vorbereitet sein - B\u00fcrgerverein Bad D\u00fcrkheim e.V.","og_description":"Um auf Notf\u00e4lle vorbereitet zu sein, haben wir einen Erste-Hilfe-Kurs beim DRK Bad D\u00fcrkheim absolviert. Vielen Dank an das DRK f\u00fcr das kompetente Training. Und es hat allen Teilnehmerinnen und [&hellip;]","og_url":"https:\/\/buergerverein-bad-duerkheim.de\/index.php\/2025\/11\/10\/fuer-den-notfall-der-hoffentlich-nie-eintreten-wird-vorbereitet-sein\/","og_site_name":"B\u00fcrgerverein Bad D\u00fcrkheim e.V.","article_published_time":"2025-11-10T20:55:28+00:00","article_modified_time":"2025-11-10T20:56:33+00:00","og_image":[{"width":1080,"height":1080,"url":"https:\/\/buergerverein-bad-duerkheim.de\/wp-content\/uploads\/2025\/11\/1.png","type":"image\/png"}],"author":"horstbauml","twitter_card":"summary_large_image","twitter_misc":{"Verfasst von":"horstbauml","Gesch\u00e4tzte Lesezeit":"1\u00a0Minute"},"schema":{"@context":"https:\/\/schema.org","@graph":[{"@type":"WebPage","@id":"https:\/\/buergerverein-bad-duerkheim.de\/index.php\/2025\/11\/10\/fuer-den-notfall-der-hoffentlich-nie-eintreten-wird-vorbereitet-sein\/","url":"https:\/\/buergerverein-bad-duerkheim.de\/index.php\/2025\/11\/10\/fuer-den-notfall-der-hoffentlich-nie-eintreten-wird-vorbereitet-sein\/","name":"F\u00fcr den Notfall, der hoffentlich nie eintreten wird, vorbereitet sein - B\u00fcrgerverein Bad D\u00fcrkheim e.V.","isPartOf":{"@id":"https:\/\/buergerverein-bad-duerkheim.de\/#website"},"primaryImageOfPage":{"@id":"https:\/\/buergerverein-bad-duerkheim.de\/index.php\/2025\/11\/10\/fuer-den-notfall-der-hoffentlich-nie-eintreten-wird-vorbereitet-sein\/#primaryimage"},"image":{"@id":"https:\/\/buergerverein-bad-duerkheim.de\/index.php\/2025\/11\/10\/fuer-den-notfall-der-hoffentlich-nie-eintreten-wird-vorbereitet-sein\/#primaryimage"},"thumbnailUrl":"https:\/\/buergerverein-bad-duerkheim.de\/wp-content\/uploads\/2025\/11\/1.png","datePublished":"2025-11-10T20:55:28+00:00","dateModified":"2025-11-10T20:56:33+00:00","author":{"@id":"https:\/\/buergerverein-bad-duerkheim.de\/#\/schema\/person\/59a85e0ebd8417b06859c841840d8448"},"breadcrumb":{"@id":"https:\/\/buergerverein-bad-duerkheim.de\/index.php\/2025\/11\/10\/fuer-den-notfall-der-hoffentlich-nie-eintreten-wird-vorbereitet-sein\/#breadcrumb"},"inLanguage":"de","potentialAction":[{"@type":"ReadAction","target":["https:\/\/buergerverein-bad-duerkheim.de\/index.php\/2025\/11\/10\/fuer-den-notfall-der-hoffentlich-nie-eintreten-wird-vorbereitet-sein\/"]}]},{"@type":"ImageObject","inLanguage":"de","@id":"https:\/\/buergerverein-bad-duerkheim.de\/index.php\/2025\/11\/10\/fuer-den-notfall-der-hoffentlich-nie-eintreten-wird-vorbereitet-sein\/#primaryimage","url":"https:\/\/buergerverein-bad-duerkheim.de\/wp-content\/uploads\/2025\/11\/1.png","contentUrl":"https:\/\/buergerverein-bad-duerkheim.de\/wp-content\/uploads\/2025\/11\/1.png","width":1080,"height":1080},{"@type":"BreadcrumbList","@id":"https:\/\/buergerverein-bad-duerkheim.de\/index.php\/2025\/11\/10\/fuer-den-notfall-der-hoffentlich-nie-eintreten-wird-vorbereitet-sein\/#breadcrumb","itemListElement":[{"@type":"ListItem","position":1,"name":"Startseite","item":"https:\/\/buergerverein-bad-duerkheim.de\/"},{"@type":"ListItem","position":2,"name":"F\u00fcr den Notfall, der hoffentlich nie eintreten wird, vorbereitet sein"}]},{"@type":"WebSite","@id":"https:\/\/buergerverein-bad-duerkheim.de\/#website","url":"https:\/\/buergerverein-bad-duerkheim.de\/","name":"B\u00fcrgerverein Bad D\u00fcrkheim e.V.","description":"B\u00fcrger helfen B\u00fcrgern","potentialAction":[{"@type":"SearchAction","target":{"@type":"EntryPoint","urlTemplate":"https:\/\/buergerverein-bad-duerkheim.de\/?s={search_term_string}"},"query-input":{"@type":"PropertyValueSpecification","valueRequired":true,"valueName":"search_term_string"}}],"inLanguage":"de"},{"@type":"Person","@id":"https:\/\/buergerverein-bad-duerkheim.de\/#\/schema\/person\/59a85e0ebd8417b06859c841840d8448","name":"horstbauml","image":{"@type":"ImageObject","inLanguage":"de","@id":"https:\/\/buergerverein-bad-duerkheim.de\/#\/schema\/person\/image\/","url":"https:\/\/secure.gravatar.com\/avatar\/acf1b24ffe4ca21c22442dfae71c15c21751a79575ed2bb6920c77162379e00f?s=96&d=mm&r=g","contentUrl":"https:\/\/secure.gravatar.com\/avatar\/acf1b24ffe4ca21c22442dfae71c15c21751a79575ed2bb6920c77162379e00f?s=96&d=mm&r=g","caption":"horstbauml"},"url":"https:\/\/buergerverein-bad-duerkheim.de\/index.php\/author\/horstbauml\/"}]}},"_links":{"self":[{"href":"https:\/\/buergerverein-bad-duerkheim.de\/index.php\/wp-json\/wp\/v2\/posts\/753","targetHints":{"allow":["GET"]}}],"collection":[{"href":"https:\/\/buergerverein-bad-duerkheim.de\/index.php\/wp-json\/wp\/v2\/posts"}],"about":[{"href":"https:\/\/buergerverein-bad-duerkheim.de\/index.php\/wp-json\/wp\/v2\/types\/post"}],"author":[{"embeddable":true,"href":"https:\/\/buergerverein-bad-duerkheim.de\/index.php\/wp-json\/wp\/v2\/users\/2"}],"replies":[{"embeddable":true,"href":"https:\/\/buergerverein-bad-duerkheim.de\/index.php\/wp-json\/wp\/v2\/comments?post=753"}],"version-history":[{"count":1,"href":"https:\/\/buergerverein-bad-duerkheim.de\/index.php\/wp-json\/wp\/v2\/posts\/753\/revisions"}],"predecessor-version":[{"id":755,"href":"https:\/\/buergerverein-bad-duerkheim.de\/index.php\/wp-json\/wp\/v2\/posts\/753\/revisions\/755"}],"wp:featuredmedia":[{"embeddable":true,"href":"https:\/\/buergerverein-bad-duerkheim.de\/index.php\/wp-json\/wp\/v2\/media\/756"}],"wp:attachment":[{"href":"https:\/\/buergerverein-bad-duerkheim.de\/index.php\/wp-json\/wp\/v2\/media?parent=753"}],"wp:term":[{"taxonomy":"category","embeddable":true,"href":"https:\/\/buergerverein-bad-duerkheim.de\/index.php\/wp-json\/wp\/v2\/categories?post=753"},{"taxonomy":"post_tag","embeddable":true,"href":"https:\/\/buergerverein-bad-duerkheim.de\/index.php\/wp-json\/wp\/v2\/tags?post=753"}],"curies":[{"name":"wp","href":"https:\/\/api.w.org\/{rel}","templated":true}]}}